{"id":237,"date":"2009-05-07T09:26:00","date_gmt":"2009-05-07T09:26:00","guid":{"rendered":"http:\/\/blogs.elcorreo.com\/oscarterol\/?p=237"},"modified":"2009-05-07T09:26:00","modified_gmt":"2009-05-07T09:26:00","slug":"ilustradas","status":"publish","type":"post","link":"https:\/\/blogs.elcorreo.com\/oscarterol\/2009\/05\/07\/ilustradas\/","title":{"rendered":"Ilustradas"},"content":{"rendered":"<p>Buenos d\u00edas hermanos. Lo primero, quiero daros las gracias por las ideas que me hab\u00e9is dado, me han gustado mucho, y lo m\u00e1s importante, todas est\u00e1n el la l\u00ednea de lo que he escrito. Intentar\u00e9 hacer una s\u00edntesis, el lunes os la ense\u00f1ar\u00e9. <\/p>\n<p> Tengo que salir, voy al m\u00e9dico a vacunarme para un viaje &#8220;curioso&#8221; que voy a hecer en junio. Os lo contar\u00e9 llegado  el momento.<\/p>\n<p> Ya siento ser tan escueto hoy. <\/p>\n<p> A pasar buen d\u00eda<\/p>\n<p>(Hoy, microsof no ha gastado mucha tinta digital conmigo, la verdad sea dicha)<\/p>\n<!-- AddThis Advanced Settings generic via filter on the_content --><!-- AddThis Share Buttons generic via filter on the_content -->","protected":false},"excerpt":{"rendered":"<p>Buenos d\u00edas hermanos. Lo primero, quiero daros las gracias por las ideas que me hab\u00e9is dado, me han gustado mucho, y lo m\u00e1s importante, todas est\u00e1n el la l\u00ednea de lo que he escrito. Intentar\u00e9 hacer una s\u00edntesis, el lunes os la ense\u00f1ar\u00e9. Tengo que salir, voy al m\u00e9dico a vacunarme para un viaje &#8220;curioso&#8221; [&hellip;]<!-- AddThis Advanced Settings generic via filter on get_the_excerpt --><!-- AddThis Share Buttons generic via filter on get_the_excerpt --><\/p>\n","protected":false},"author":42,"featured_media":0,"comment_status":"open","ping_status":"closed","sticky":false,"template":"","format":"standard","meta":[],"categories":[9],"tags":[],"_links":{"self":[{"href":"https:\/\/blogs.elcorreo.com\/oscarterol\/wp-json\/wp\/v2\/posts\/237"}],"collection":[{"href":"https:\/\/blogs.elcorreo.com\/oscarterol\/wp-json\/wp\/v2\/posts"}],"about":[{"href":"https:\/\/blogs.elcorreo.com\/oscarterol\/wp-json\/wp\/v2\/types\/post"}],"author":[{"embeddable":true,"href":"https:\/\/blogs.elcorreo.com\/oscarterol\/wp-json\/wp\/v2\/users\/42"}],"replies":[{"embeddable":true,"href":"https:\/\/blogs.elcorreo.com\/oscarterol\/wp-json\/wp\/v2\/comments?post=237"}],"version-history":[{"count":0,"href":"https:\/\/blogs.elcorreo.com\/oscarterol\/wp-json\/wp\/v2\/posts\/237\/revisions"}],"wp:attachment":[{"href":"https:\/\/blogs.elcorreo.com\/oscarterol\/wp-json\/wp\/v2\/media?parent=237"}],"wp:term":[{"taxonomy":"category","embeddable":true,"href":"https:\/\/blogs.elcorreo.com\/oscarterol\/wp-json\/wp\/v2\/categories?post=237"},{"taxonomy":"post_tag","embeddable":true,"href":"https:\/\/blogs.elcorreo.com\/oscarterol\/wp-json\/wp\/v2\/tags?post=237"}],"curies":[{"name":"wp","href":"https:\/\/api.w.org\/{rel}","templated":true}]}}