{"id":236,"date":"2009-05-06T10:30:00","date_gmt":"2009-05-06T10:30:00","guid":{"rendered":"http:\/\/blogs.elcorreo.com\/oscarterol\/?p=236"},"modified":"2009-05-06T10:30:00","modified_gmt":"2009-05-06T10:30:00","slug":"ni-me-va-ni-me-viene-pero","status":"publish","type":"post","link":"https:\/\/blogs.elcorreo.com\/oscarterol\/2009\/05\/06\/ni-me-va-ni-me-viene-pero\/","title":{"rendered":"&#8230;ni me va, ni me viene, pero&#8230;"},"content":{"rendered":"<p>Buenos d\u00edas hermanos. Solo una cosa tengo clara de todo este baile; ayer se sacaron muchas fotos. Los anales de la historia estar\u00e1n bien abastecidos de 5 de Mayo en Euskadi. <\/p>\n<p> <DIV style=\"TEXT-ALIGN: center\"><FONT color=#000099><STRONG> <FONT color=#000099>..por comentarlo.<\/FONT><\/p>\n<p> <\/STRONG><\/FONT><FONT color=#333399><\/p>\n<p> <DIV style=\"TEXT-ALIGN: left\"> <DIV style=\"TEXT-ALIGN: center\"> <FONT color=#333399>Desde mi humilde ventanita digital, quiero expresar algo por encima de las ideolog\u00edas y de las razones que alimentan las tertulias, que aunque las tengamos y las necesitemos, no me mueven en este momento, y procuro que nunca al dirigirme al p\u00fablico. Me quedo con la sensaci\u00f3n de que Juan Jos\u00e9 Ibarretxe se ha esforzado por cultivar su humanidad y por demostrarla, en cierta manera ese tambien es su legado para el que lo quiera, o pueda, apreciar. Pasar\u00e1 a la historia de la pol\u00edtica como terco y obstinado; la historia no retrata personas, s\u00f3lo personajes con sus vestiduras y sus haza\u00f1as. Pero ser\u00eda injusto por mi parte, ya que le he imitado en numerosas ocasines, es decir: que me he beneficiado del personaje, ocular mi pensamiento. Espero poder decir lo mismo del actual inquilino de las portadas de los peri\u00f3dicos, llegado el momento<\/FONT>. <\/p>\n<p><\/DIV>  <\/p>\n<p><\/DIV> <\/FONT>Ando algo liado con las ilustraciones del libro, el de &#8220;la mujer vasca&#8221;, las entrego el lunes. Os propongo algo:<\/p>\n<p><\/DIV><BIG> Si alguien tiene una idea para una ilustraci\u00f3n, y me la &#8220;dona&#8221; hoy, ma\u00f1ana la puedo realizar; me har\u00eda ilusi\u00f3n que hubiera una colaboraci\u00f3n de alg\u00fan hermano del blog. El libro es sobre la mujer y el famoso &#8220;matriarcado&#8221;, sus virtudes y sus misterios. Me falta la ilustrac\u00ed\u00f3n que represente a esa mujer todopoderosa que es la vasca, ir\u00e1 al principio del libro. Por supuesto, es humor. Por intentarlo que no quede. <\/p>\n<p> <\/BIG>Y para culminar este post tan ecl\u00e9ctico, cuelgo el sermoncillo de hoy.<\/p>\n<p> <P class=MsoNormal style=\"MARGIN: 0cm 0cm 0pt\"><B style=\"mso-bidi-font-weight: normal\"><FONT size=3><FONT face=\"Times New Roman\">Condenados a sudar<?xml:namespace prefix = o ns = \"urn:schemas-microsoft-com:office:office\" \/><o:p><\/o:p><\/FONT><\/FONT><\/B><\/p>\n<p> <P class=MsoNormal style=\"MARGIN: 0cm 0cm 0pt\"><o:p><FONT face=\"Times New Roman\" size=3> <\/FONT><\/o:p><\/p>\n<p> <P class=MsoNormal style=\"MARGIN: 0cm 0cm 0pt; TEXT-ALIGN: justify\"><FONT face=\"Times New Roman\" size=3>Hace tiempo que dedico mi curiosidad a buscar coincidencias entre los diferentes actores<SPAN style=\"mso-spacerun: yes\">  <\/SPAN>y autores del gran teatro vasco; reconozco que es m\u00e1s f\u00e1cil coleccionar discrepancias y diferencias, pero eso lo hace cualquiera. Ayer, los \u201cdos hombres y un destino\u201d, en su discurso previo al \u201cqu\u00edtate t\u00fa para ponerme yo\u201d, me regalaron una para la colecci\u00f3n. Tanto el lehendakari saliente como el entrante, ambos erigidos en arquitectos, consideran que es prioritario construir la paz. En otros escenarios, la paz se respira, se vive, se siente, se tiene o se alcanza; aqu\u00ed se construye. Bueno, no voy a luchar contra la densidad de nuestra idiosincrasia, me rindo, somos vascos y habr\u00e1 que asumir el peaje del sobreesfuerzo. Y ya que es la \u00fanica propuesta que goza de legitimidad, de mayor\u00eda parlamentaria y de la bendici\u00f3n sociol\u00f3gica, pong\u00e1monos el buzo y no perdamos tiempo. Para esta construcci\u00f3n es necesaria la ayuda de todos, empezando por los encofradores -fil\u00f3sofos, ide\u00f3logos y moralistas, tambi\u00e9n alg\u00fan te\u00f3logo- que tendr\u00e1n que preparar los moldes de los cimientos sobre los que se levantar\u00e1 el edificio. Por supuesto, alba\u00f1iles -ciudadanos an\u00f3nimos de todos los rangos- <SPAN style=\"mso-spacerun: yes\"> <\/SPAN>brazos fuertes y manos \u00e1speras que hagan un trabajo tan basto como necesario. Fontaneros \u2013intelectuales- que doten a la construcci\u00f3n de los conductos necesarios para que sea posible una buena higiene que nos facilite el permiso de habitabilidad. Electricistas \u2013artistas- encargados de la instalaci\u00f3n por la cual nos llegar\u00e1n la energ\u00eda y la iluminaci\u00f3n. Carpinteros, escayolistas y decoradores &#8211; gente fina y con capacidad de visualizar- que<SPAN style=\"mso-spacerun: yes\">  <\/SPAN>har\u00e1n m\u00e1s acogedoras estancias; la paz no puede ser inc\u00f3moda. Abst\u00e9nganse los cerrajeros en este edificio no ser\u00e1n necesarias las llaves, las puertas estar\u00e1n siempre abiertas. Ya estamos todos a pie de obra con el almuerzo envuelto en papel de plata, podemos empezar cuando quieran. Una pregunta tonta: \u00bfQui\u00e9n tiene los planos? Pasen buen d\u00eda.<\/FONT><\/p>\n<p> A pasar buen d\u00eda.<\/p>\n<p><BIG> Gracias por aguantar mi poli\u00e9drica figura.<\/p>\n<p><\/BIG><\/p>\n<!-- AddThis Advanced Settings generic via filter on the_content --><!-- AddThis Share Buttons generic via filter on the_content -->","protected":false},"excerpt":{"rendered":"<p>Buenos d\u00edas hermanos. Solo una cosa tengo clara de todo este baile; ayer se sacaron muchas fotos. Los anales de la historia estar\u00e1n bien abastecidos de 5 de Mayo en Euskadi. ..por comentarlo. Desde mi humilde ventanita digital, quiero expresar algo por encima de las ideolog\u00edas y de las razones que alimentan las tertulias, que [&hellip;]<!-- AddThis Advanced Settings generic via filter on get_the_excerpt --><!-- AddThis Share Buttons generic via filter on get_the_excerpt --><\/p>\n","protected":false},"author":42,"featured_media":0,"comment_status":"open","ping_status":"closed","sticky":false,"template":"","format":"standard","meta":[],"categories":[9],"tags":[],"_links":{"self":[{"href":"https:\/\/blogs.elcorreo.com\/oscarterol\/wp-json\/wp\/v2\/posts\/236"}],"collection":[{"href":"https:\/\/blogs.elcorreo.com\/oscarterol\/wp-json\/wp\/v2\/posts"}],"about":[{"href":"https:\/\/blogs.elcorreo.com\/oscarterol\/wp-json\/wp\/v2\/types\/post"}],"author":[{"embeddable":true,"href":"https:\/\/blogs.elcorreo.com\/oscarterol\/wp-json\/wp\/v2\/users\/42"}],"replies":[{"embeddable":true,"href":"https:\/\/blogs.elcorreo.com\/oscarterol\/wp-json\/wp\/v2\/comments?post=236"}],"version-history":[{"count":0,"href":"https:\/\/blogs.elcorreo.com\/oscarterol\/wp-json\/wp\/v2\/posts\/236\/revisions"}],"wp:attachment":[{"href":"https:\/\/blogs.elcorreo.com\/oscarterol\/wp-json\/wp\/v2\/media?parent=236"}],"wp:term":[{"taxonomy":"category","embeddable":true,"href":"https:\/\/blogs.elcorreo.com\/oscarterol\/wp-json\/wp\/v2\/categories?post=236"},{"taxonomy":"post_tag","embeddable":true,"href":"https:\/\/blogs.elcorreo.com\/oscarterol\/wp-json\/wp\/v2\/tags?post=236"}],"curies":[{"name":"wp","href":"https:\/\/api.w.org\/{rel}","templated":true}]}}