{"id":234,"date":"2009-05-04T10:02:00","date_gmt":"2009-05-04T10:02:00","guid":{"rendered":"http:\/\/blogs.elcorreo.com\/oscarterol\/?p=234"},"modified":"2009-05-04T10:02:00","modified_gmt":"2009-05-04T10:02:00","slug":"tanga-o-mascarilla","status":"publish","type":"post","link":"https:\/\/blogs.elcorreo.com\/oscarterol\/2009\/05\/04\/tanga-o-mascarilla\/","title":{"rendered":"\u00bfTanga o mascarilla?"},"content":{"rendered":"<p>Buenos d\u00edas hermanos. Os presento e primer concurso derivado de la gripe porcina. Es similar al famoso &#8220;culo o codo&#8221;, pero mucho m\u00e1s sutil.<\/p>\n<p><BIG><BIG><BIG><BIG><BIG><BIG><BIG>\u00bfTanga o mascarilla?<br \/>\n<\/BIG><\/BIG><\/BIG><\/BIG><\/BIG><\/BIG><br \/>\n<\/BIG><\/p>\n<p><IMG class=imgcen id=img_0 src=\"\/oscarterol\/wp-content\/uploads\/sites\/30\/IMGA0085.JPG\"><\/p>\n<p> La soluci\u00f3n ma\u00f1ana.<\/p>\n<p> Saioa: Gracias por tus palabras, yo tambi\u00e9n me lo pas\u00e9 en grande concursando contigo. Si quieres ponerte en contacto: <A href=\"mailto:seabrelterol@gmail.com\">seabrelterol@gmail.com<\/A><\/p>\n<p> Os cuelgo el art\u00edculo:<\/p>\n<p> <P class=MsoNormal style=\"MARGIN: 0cm 0cm 0pt\"><B style=\"mso-bidi-font-weight: normal\"><FONT size=3><FONT face=\"Times New Roman\">Era <?xml:namespace prefix = o ns = \"urn:schemas-microsoft-com:office:office\" \/><o:p><\/o:p><\/FONT><\/FONT><\/B><\/p>\n<p> <P class=MsoNormal style=\"MARGIN: 0cm 0cm 0pt\"><o:p><FONT face=\"Times New Roman\" size=3> <\/FONT><\/o:p><\/p>\n<p> <P class=MsoNormal style=\"MARGIN: 0cm 0cm 0pt\"><FONT face=\"Times New Roman\" size=3>Ni el Nostradamus m\u00e1s certero apunt\u00f3 la posibilidad de que hubiera un lehendakari no nacionalista en el siglo veintiuno, y ya ven, aqu\u00ed estamos, presenciando el ERE de la \u201cera Ibaretxe\u201d. El infinito no era m\u00e1s que un farol del tiempo y la eternidad se ha cansado de ser eterna. Hoy es el \u00faltimo d\u00eda de las coordenadas actuales, de las \u00fanicas que hemos conocido la inmensa mayor\u00eda. Me refiero a los datos que est\u00e1n programados en nuestra mente autom\u00e1tica, a nuestras referencias de posici\u00f3n. El inconsciente colectivo, que no es m\u00e1s que m\u00e1s que la suma de nuestras penumbras, se va conformando gracias a estos datos que luego ser\u00e1n opiniones, juicios y determinar\u00e1n decisiones en nuestras vidas. Hoy caducan cientos de sketches en los que hemos mostrado a un PNV todopoderoso, due\u00f1o y se\u00f1or del pa\u00eds. Me acuerdo de uno de \u201cVaya semanita\u201d (no s\u00e9 de cual de las dos eras) en el que entraba un se\u00f1or en la oficina del INEM y al comprobar el funcionario que \u00e9ste era del PNV, le ofrec\u00eda un cargo inmediatamente, porque no se pod\u00eda concebir que un simpatizante del \u201cpartido\u201d estuviera sin sueldo . Esta parodia funcion\u00f3 muy bien, todo el p\u00fablico la entendi\u00f3 perfectamente sin necesidad de explicarla; y como \u00e9sta, tantas otras. El humorismo necesita referencias comunes, complicidad y que existan desequilibrios a los que agarrarse. A partir de ma\u00f1ana tambi\u00e9n se quedan viejas las chaquetas de pana y las camisas rojas con las que se representa a los socialistas en \u201cVaya semanita\u201d, ahora habr\u00e1 que \u201cengominarlos\u201d un poco m\u00e1s; el poder y la pana no son compatibles. Y habr\u00e1 que ver cual es la nueva indumentaria de los miembros del gobierno del PNV en la sombra; \u00bfser\u00e1 m\u00e1s de monte, o m\u00e1s de playa? Y ya sabe, si quiere echarle la culpa a Ibarretxe de todas sus desgracias, hoy es el d\u00eda, ma\u00f1ana el malo de la pel\u00edcula se llama L\u00f3pez, \u00bfo Basagoiti? Pasen buen \u00faltimo d\u00eda de era, y cenen perdices como en los cuentos que acaban bien.<\/FONT><\/p>\n<p>  A pasar ben diaaaaaaaa.<\/p>\n<!-- AddThis Advanced Settings generic via filter on the_content --><!-- AddThis Share Buttons generic via filter on the_content -->","protected":false},"excerpt":{"rendered":"<p>Buenos d\u00edas hermanos. Os presento e primer concurso derivado de la gripe porcina. Es similar al famoso &#8220;culo o codo&#8221;, pero mucho m\u00e1s sutil. \u00bfTanga o mascarilla? La soluci\u00f3n ma\u00f1ana. Saioa: Gracias por tus palabras, yo tambi\u00e9n me lo pas\u00e9 en grande concursando contigo. Si quieres ponerte en contacto: seabrelterol@gmail.com Os cuelgo el art\u00edculo: Era [&hellip;]<!-- AddThis Advanced Settings generic via filter on get_the_excerpt --><!-- AddThis Share Buttons generic via filter on get_the_excerpt --><\/p>\n","protected":false},"author":42,"featured_media":0,"comment_status":"open","ping_status":"closed","sticky":false,"template":"","format":"standard","meta":[],"categories":[9],"tags":[],"_links":{"self":[{"href":"https:\/\/blogs.elcorreo.com\/oscarterol\/wp-json\/wp\/v2\/posts\/234"}],"collection":[{"href":"https:\/\/blogs.elcorreo.com\/oscarterol\/wp-json\/wp\/v2\/posts"}],"about":[{"href":"https:\/\/blogs.elcorreo.com\/oscarterol\/wp-json\/wp\/v2\/types\/post"}],"author":[{"embeddable":true,"href":"https:\/\/blogs.elcorreo.com\/oscarterol\/wp-json\/wp\/v2\/users\/42"}],"replies":[{"embeddable":true,"href":"https:\/\/blogs.elcorreo.com\/oscarterol\/wp-json\/wp\/v2\/comments?post=234"}],"version-history":[{"count":0,"href":"https:\/\/blogs.elcorreo.com\/oscarterol\/wp-json\/wp\/v2\/posts\/234\/revisions"}],"wp:attachment":[{"href":"https:\/\/blogs.elcorreo.com\/oscarterol\/wp-json\/wp\/v2\/media?parent=234"}],"wp:term":[{"taxonomy":"category","embeddable":true,"href":"https:\/\/blogs.elcorreo.com\/oscarterol\/wp-json\/wp\/v2\/categories?post=234"},{"taxonomy":"post_tag","embeddable":true,"href":"https:\/\/blogs.elcorreo.com\/oscarterol\/wp-json\/wp\/v2\/tags?post=234"}],"curies":[{"name":"wp","href":"https:\/\/api.w.org\/{rel}","templated":true}]}}