{"id":220,"date":"2009-04-07T09:53:00","date_gmt":"2009-04-07T09:53:00","guid":{"rendered":"http:\/\/blogs.elcorreo.com\/oscarterol\/?p=220"},"modified":"2009-04-07T09:53:00","modified_gmt":"2009-04-07T09:53:00","slug":"sidra-pues","status":"publish","type":"post","link":"https:\/\/blogs.elcorreo.com\/oscarterol\/2009\/04\/07\/sidra-pues\/","title":{"rendered":"Sidra pues"},"content":{"rendered":"<p>Buenos d\u00edas hermanos. La sesi\u00f3n de fotos result\u00f3 bien, creo que esta tarde me las dan, as\u00ed que ma\u00f1ana podr\u00e9 ense\u00f1aros algo.<\/p>\n<p> Aqu\u00ed ten\u00e9is el cartel anunciador de la sidrer\u00eda, por gentileza de <STRONG>Mikelbranagh <\/STRONG><\/p>\n<p> <IMG class=imgcen id=img_0 src=\"\/oscarterol\/wp-content\/uploads\/sites\/30\/antxonbueno.bmp\"><\/p>\n<p> La verdad es que nunca hubiera pensado que mi taza de v\u00e1ter estuviera expuesta a las miradas de los internautas. <\/p>\n<p> El otro d\u00eda, en un programa de televisi\u00f3n, o\u00ed a un tipo hablar de &#8220;la huella digital&#8221;, que es todo lo que tienes colgado en la red, que estar\u00e1 ah\u00ed para siempre dando lustre a tu curr\u00edculum. En muchos casos resulta un lastre, p\u00f2r ejemplo: la t\u00edpica foto que le hacen a un ejecutivo con un m\u00f3vil, borracho perdido agarrado a una cabra por detr\u00e1s, y la cuelgan en un blog sus amigos. Nadie se libra de un mometo de gloria digitalizado. Pues me par\u00e9 a pensar un ratito, y llegu\u00e9 a la conclusi\u00f3n de que estoy perdido, o me aguant\u00e1is as\u00ed para siempre, o ver que ostias hago yo en el mundo empresarial occidental, despu\u00e9s de haber ense\u00f1ado: el culo, mis caras de p\u00e1jaro, de rape, mi v\u00e1ter, mis michelines, mis claroscuros mentales, mi pene (esto est\u00e1 por venir, falta poco), etc.<\/p>\n<p> Claro, te metes, te metes, todo te parece tan dvertido,  acabas por cavar tu tumba. Joder, abocado al circo, y con pepep\u00f3tamos dando \u00e1nimos. Hay d\u00edas duros. En fin, entonar\u00e9 un ainssss y un abrazo de osssssssssssoooooooooooo.<\/p>\n<p> Pasarlo bien<\/p>\n<!-- AddThis Advanced Settings generic via filter on the_content --><!-- AddThis Share Buttons generic via filter on the_content -->","protected":false},"excerpt":{"rendered":"<p>Buenos d\u00edas hermanos. La sesi\u00f3n de fotos result\u00f3 bien, creo que esta tarde me las dan, as\u00ed que ma\u00f1ana podr\u00e9 ense\u00f1aros algo. Aqu\u00ed ten\u00e9is el cartel anunciador de la sidrer\u00eda, por gentileza de Mikelbranagh La verdad es que nunca hubiera pensado que mi taza de v\u00e1ter estuviera expuesta a las miradas de los internautas. El [&hellip;]<!-- AddThis Advanced Settings generic via filter on get_the_excerpt --><!-- AddThis Share Buttons generic via filter on get_the_excerpt --><\/p>\n","protected":false},"author":42,"featured_media":0,"comment_status":"open","ping_status":"closed","sticky":false,"template":"","format":"standard","meta":[],"categories":[9],"tags":[],"_links":{"self":[{"href":"https:\/\/blogs.elcorreo.com\/oscarterol\/wp-json\/wp\/v2\/posts\/220"}],"collection":[{"href":"https:\/\/blogs.elcorreo.com\/oscarterol\/wp-json\/wp\/v2\/posts"}],"about":[{"href":"https:\/\/blogs.elcorreo.com\/oscarterol\/wp-json\/wp\/v2\/types\/post"}],"author":[{"embeddable":true,"href":"https:\/\/blogs.elcorreo.com\/oscarterol\/wp-json\/wp\/v2\/users\/42"}],"replies":[{"embeddable":true,"href":"https:\/\/blogs.elcorreo.com\/oscarterol\/wp-json\/wp\/v2\/comments?post=220"}],"version-history":[{"count":0,"href":"https:\/\/blogs.elcorreo.com\/oscarterol\/wp-json\/wp\/v2\/posts\/220\/revisions"}],"wp:attachment":[{"href":"https:\/\/blogs.elcorreo.com\/oscarterol\/wp-json\/wp\/v2\/media?parent=220"}],"wp:term":[{"taxonomy":"category","embeddable":true,"href":"https:\/\/blogs.elcorreo.com\/oscarterol\/wp-json\/wp\/v2\/categories?post=220"},{"taxonomy":"post_tag","embeddable":true,"href":"https:\/\/blogs.elcorreo.com\/oscarterol\/wp-json\/wp\/v2\/tags?post=220"}],"curies":[{"name":"wp","href":"https:\/\/api.w.org\/{rel}","templated":true}]}}