{"id":191,"date":"2012-06-06T17:06:00","date_gmt":"2012-06-06T16:06:00","guid":{"rendered":"http:\/\/blogs.elcorreo.com\/musica-callada\/?p=191"},"modified":"2012-06-06T17:06:00","modified_gmt":"2012-06-06T16:06:00","slug":"fito-y-los-fitipaldis-soldadito-marinero","status":"publish","type":"post","link":"https:\/\/blogs.elcorreo.com\/musica-callada\/2012\/06\/06\/fito-y-los-fitipaldis-soldadito-marinero\/","title":{"rendered":"Fito y Los Fitipaldis \u2013 Soldadito marinero"},"content":{"rendered":"<p>Otra de desamor. \u2018Soldadito marinero\u2019, de 2003, conmueve hasta a quien no ha vivido una situaci\u00f3n similar a la que describe de forma epid\u00e9rmica. El talento letrista del bilba\u00edno Fito Cabrales nos esboza con la crueldad necesaria los da\u00f1os que puede provocar una mala elecci\u00f3n sentimental, varias en este caso. <\/p>\n<p>Este poeta m\u00e1s que cantante nos desgrana en cada uno de sus trabajos una forma sensible de ver la vida que le rodea. En \u2018Soldadito marinero\u2019, su primer \u00e9xito en solitario, da muestras de su maestr\u00eda a la hora de dibujar la vida mediante una historia que hay que escuchar a oscuras o con los ojos cerrados. <\/p>\n<p>He le\u00eddo por ah\u00ed que \u00abs\u00f3lo ven en la oscuridad los que son ciegos. Los dem\u00e1s s\u00f3lo vemos la ausencia de luz&#8230;. pero&#8230; quien tiembla por dentro porque no ha visto la luz es quien se estremece de verdad\u00bb. Con Fito lo hacemos en cada una de sus composiciones, porque todos somos un poco ciegos de coraz\u00f3n o tal vez es sordos de un pie. <\/p>\n<p>Con cada nota, con cada palabra, sentimos en nuestras propias carnes lo que ha padecido el soldadito marinero, sin duda un personaje real que conoci\u00f3 el autor. Llegamos incluso a compadecerle, a llorar por \u00e9l. Porque tambi\u00e9n nos podr\u00eda haber ocurrido a nosotros. O quiz\u00e1s nos ha ocurrido ya. En este tipo de historias todos nos sentimos protagonistas.<\/p>\n<p>Todos pensamos que la vida pondr\u00e1 a cada uno en su sitio y que quien ha producido dolor recibir\u00e1 dolor. Pero no siempre ocurre as\u00ed y a veces uno se cansa de esperar. De cualquier manera, es siempre tarde para rectificar pero s\u00ed hay tiempo para extraer la ense\u00f1anza positiva de todo lo malo que nos ocurre. De esta forma la vida nos da una peque\u00f1a recompensa.<\/p>\n<p>\u00a0El v\u00eddeo de \u2018Soldadito marinero\u2019 est\u00e1 rodado en el puerto de Pasajes guipuzcoano y en la r\u00eda de Bilbao bajo la realizaci\u00f3n de Manolo Gil y Enrique Urdanoz.\u00a0<\/p>\n<p>http:\/\/youtu.be\/28uhZZEE6cw<\/p>\n<p>\u00c9l camina despacito que las prisas no son buenas<br \/>\nEn su brazo dobladita con cuidado la chaqueta<br \/>\nLuego pasa por las calles donde los chavales juegan<br \/>\n\u00c9l tambi\u00e9n quiso ser ni\u00f1o pero le pill\u00f3 la guerra              <\/p>\n<p>Soldadito marinero conociste a una sirena<br \/>\nDe esas que dicen \u201cte quiero\u201d si ven la cartera llena<br \/>\nEscogiste a la m\u00e1s guapa y a la menos buena<br \/>\nSin saber como ha venido te ha cogido la tormenta<br \/>\n\u00c9l quer\u00eda cruzar los mares y olvidar a su sirena<br \/>\nLa verdad no fue dif\u00edcil cuando conoci\u00f3 a Mariela<br \/>\nQue ten\u00eda los ojos verdes y un negocio entre las piernas<br \/>\nHay que ver que punter\u00eda no te arrimas a una buena<\/p>\n<p>Soldadito marinero conociste a una sirena<br \/>\nDe esas que dicen &#8216;te quiero&#8217; si ven la cartera llena<br \/>\nEscogiste a la m\u00e1s guapa y a la menos buena<br \/>\nSin saber como ha venido te ha cogido la tormenta<\/p>\n<p>Despu\u00e9s de un invierno malo<br \/>\nUna mala primavera<br \/>\nNo s\u00e9 por que est\u00e1s buscando<br \/>\nUna l\u00e1grima en la arena<\/p>\n<p>Como simp\u00e1tica rareza os ofrezco tambi\u00e9n una versi\u00f3n en estilo bachata que de \u2018Soldadito marinero\u2019 nos ofrece el joven cantante dominicano <strong>Kewdy de los Santos<\/strong>, apodado \u2018El gato malo\u2019. A pesar de la m\u00fasica caribe\u00f1a, tambi\u00e9n se escucha con cierta melancol\u00eda.<br \/>\n<iframe loading=\"lazy\" width=\"500\" height=\"375\" src=\"https:\/\/www.youtube.com\/embed\/6fwqTrEMX08?feature=oembed\" frameborder=\"0\" allowfullscreen><\/iframe><\/p>\n<p>El vizca\u00edno Adolfo Cabrales, <strong>Fito<\/strong>, naci\u00f3 rockero pero dotado de un alma de poeta. Con Platero y T\u00fa cultiv\u00f3 la primera faceta, pero las historias que brotaban en su cabeza poco ten\u00edan que ver con el rock radical vasco que reinaba en los ochenta, cuando dio el salto a la carretera.<\/p>\n<p>Su cerebro es un caj\u00f3n de sastre en el que caben todo tipo de estilos, maneras de ver la vida y por supuesto m\u00fasica, mucha m\u00fasica. Para ello fund\u00f3 Los Fitipaldis, una banda configurada a su medida con la que nos ofrece lo mejor de s\u00ed. <\/p>\n<p><a href=\"\/musica-callada\/wp-content\/uploads\/sites\/41\/2012\/06\/fito.jpg\"><img loading=\"lazy\" src=\"\/musica-callada\/wp-content\/uploads\/sites\/41\/2012\/06\/fito.jpg\" alt=\"\" title=\"DOCU_GRUPO FITO&#038;FITIPALDIS\" width=\"300\" height=\"219\" class=\"aligncenter size-medium wp-image-192\" srcset=\"https:\/\/blogs.elcorreo.com\/musica-callada\/wp-content\/uploads\/sites\/41\/2012\/06\/fito.jpg 2854w, https:\/\/blogs.elcorreo.com\/musica-callada\/wp-content\/uploads\/sites\/41\/2012\/06\/fito-300x220.jpg 300w, https:\/\/blogs.elcorreo.com\/musica-callada\/wp-content\/uploads\/sites\/41\/2012\/06\/fito-768x563.jpg 768w, https:\/\/blogs.elcorreo.com\/musica-callada\/wp-content\/uploads\/sites\/41\/2012\/06\/fito-1024x751.jpg 1024w\" sizes=\"(max-width: 300px) 100vw, 300px\" \/><\/a><\/p>\n<p>El p\u00fablico reconoci\u00f3 su talento y temas como \u2018La casa por el tejado\u2019 o \u2018Soldadito Marinero\u2019 pronto se convirtieron en emblemas que lograron vender cientos de miles de copias a pesar de que con la llegada de Internet vender discos ya es un milagro. Desde entonces todo ha sido correr hacia un estrellato que quiz\u00e1 no deseaba.<\/p>\n<p>El mejor letrista de la actualidad, claro heredero de Joaqu\u00edn Sabina, nos da en hasta el \u00faltimo de sus versos todo el peso de su sinceridad, de su sencillez, con historias directamente sacadas de la vida. Fito no deja de ser un rockero, pero interpreta el rock a su manera.<\/p>\n<!-- AddThis Advanced Settings generic via filter on the_content --><!-- AddThis Share Buttons generic via filter on the_content -->","protected":false},"excerpt":{"rendered":"<p>Otra de desamor. \u2018Soldadito marinero\u2019, de 2003, conmueve hasta a quien no ha vivido una situaci\u00f3n similar a la que describe de forma epid\u00e9rmica. El talento letrista del bilba\u00edno Fito Cabrales nos esboza con la crueldad necesaria los da\u00f1os que puede provocar una mala elecci\u00f3n sentimental, varias en este caso. Este poeta m\u00e1s que cantante [&hellip;]<!-- AddThis Advanced Settings generic via filter on get_the_excerpt --><!-- AddThis Share Buttons generic via filter on get_the_excerpt --><\/p>\n","protected":false},"author":57,"featured_media":0,"comment_status":"open","ping_status":"closed","sticky":false,"template":"","format":"standard","meta":[],"categories":[3],"tags":[837,879,2664],"_links":{"self":[{"href":"https:\/\/blogs.elcorreo.com\/musica-callada\/wp-json\/wp\/v2\/posts\/191"}],"collection":[{"href":"https:\/\/blogs.elcorreo.com\/musica-callada\/wp-json\/wp\/v2\/posts"}],"about":[{"href":"https:\/\/blogs.elcorreo.com\/musica-callada\/wp-json\/wp\/v2\/types\/post"}],"author":[{"embeddable":true,"href":"https:\/\/blogs.elcorreo.com\/musica-callada\/wp-json\/wp\/v2\/users\/57"}],"replies":[{"embeddable":true,"href":"https:\/\/blogs.elcorreo.com\/musica-callada\/wp-json\/wp\/v2\/comments?post=191"}],"version-history":[{"count":0,"href":"https:\/\/blogs.elcorreo.com\/musica-callada\/wp-json\/wp\/v2\/posts\/191\/revisions"}],"wp:attachment":[{"href":"https:\/\/blogs.elcorreo.com\/musica-callada\/wp-json\/wp\/v2\/media?parent=191"}],"wp:term":[{"taxonomy":"category","embeddable":true,"href":"https:\/\/blogs.elcorreo.com\/musica-callada\/wp-json\/wp\/v2\/categories?post=191"},{"taxonomy":"post_tag","embeddable":true,"href":"https:\/\/blogs.elcorreo.com\/musica-callada\/wp-json\/wp\/v2\/tags?post=191"}],"curies":[{"name":"wp","href":"https:\/\/api.w.org\/{rel}","templated":true}]}}