{"id":83,"date":"2009-06-19T12:07:00","date_gmt":"2009-06-19T12:07:00","guid":{"rendered":"http:\/\/blogs.elcorreo.com\/muchomasmotor\/?p=83"},"modified":"2009-06-19T12:07:00","modified_gmt":"2009-06-19T12:07:00","slug":"antxustegi-debuta-el-nacional-asfalto-el-rally-de","status":"publish","type":"post","link":"https:\/\/blogs.elcorreo.com\/muchomasmotor\/2009\/06\/19\/antxustegi-debuta-el-nacional-asfalto-el-rally-de\/","title":{"rendered":"Antxustegi debuta en el Nacional de asfalto en el Rally de Ourense"},"content":{"rendered":"<p>M\u00e1s tarde de lo esperado y en condiciones distintas a las previstas, pero Gorka Antxustegi debutar\u00e1 este fin de semana en el Campeonato de Espa\u00f1a de asfalto en el Rally de Ourense. El piloto de Markina lo har\u00e1 con un Suzuki Swift, con una unidad de laboratorio con especificaciones S1600 de las que se emplearon en su d\u00eda para determinar la celebraci\u00f3n de la Copa monomarca. El Grupo A que le est\u00e1n preparando para disputar algunas pruebas del Nacional todav\u00eda no est\u00e1 terminado por problemas con el suministro de piezas y, tras el retraso acumulado, se han decantado por esta opci\u00f3n para que el markinarra realice su primera toma de contacto con la superficie.<br \/>\nEn un principio, Antxustegi iba a comenzar su programa con el Suzuki Grupo A en el R\u00edas Baixas pero no pudo hacerlo porque todav\u00eda no estaba a punto. En Ourense tampoco podr\u00e1 hacerlo, pero por lo menos tendr\u00e1 la posibilidad de recuperar sensaciones en una prueba en la que el a\u00f1o pasado logr\u00f3 la tercera plaza de la Copa. Los tramos son los mismos. \u00abMe han dado esta oportunidad y quiero aprovecharla para hacer kil\u00f3metros y agradecer el esfuerzo de mis patrocinadores. El coche est\u00e1 preparado por Rallycar y, aunque en esta cita no se celebra la Copa Suzuki Swift, tratar\u00e9 de hacer el mejor rally posible\u00bb, se\u00f1al\u00f3 Antxustegi.<br \/>\nSi todo discurre seg\u00fan lo previsto, el piloto de Markina estrenar\u00e1 el Grupo A en el Rally de Ferrol, sexta prueba del Nacional, que se disputar\u00e1 el \u00faltimo fin de semana del mes de agosto.<\/p>\n<!-- AddThis Advanced Settings generic via filter on the_content --><!-- AddThis Share Buttons generic via filter on the_content -->","protected":false},"excerpt":{"rendered":"<p>M\u00e1s tarde de lo esperado y en condiciones distintas a las previstas, pero Gorka Antxustegi debutar\u00e1 este fin de semana en el Campeonato de Espa\u00f1a de asfalto en el Rally de Ourense. El piloto de Markina lo har\u00e1 con un Suzuki Swift, con una unidad de laboratorio con especificaciones S1600 de las que se emplearon [&hellip;]<!-- AddThis Advanced Settings generic via filter on get_the_excerpt --><!-- AddThis Share Buttons generic via filter on get_the_excerpt --><\/p>\n","protected":false},"author":40,"featured_media":0,"comment_status":"open","ping_status":"closed","sticky":false,"template":"","format":"standard","meta":[],"categories":[5],"tags":[22,162,202,220,256],"_links":{"self":[{"href":"https:\/\/blogs.elcorreo.com\/muchomasmotor\/wp-json\/wp\/v2\/posts\/83"}],"collection":[{"href":"https:\/\/blogs.elcorreo.com\/muchomasmotor\/wp-json\/wp\/v2\/posts"}],"about":[{"href":"https:\/\/blogs.elcorreo.com\/muchomasmotor\/wp-json\/wp\/v2\/types\/post"}],"author":[{"embeddable":true,"href":"https:\/\/blogs.elcorreo.com\/muchomasmotor\/wp-json\/wp\/v2\/users\/40"}],"replies":[{"embeddable":true,"href":"https:\/\/blogs.elcorreo.com\/muchomasmotor\/wp-json\/wp\/v2\/comments?post=83"}],"version-history":[{"count":0,"href":"https:\/\/blogs.elcorreo.com\/muchomasmotor\/wp-json\/wp\/v2\/posts\/83\/revisions"}],"wp:attachment":[{"href":"https:\/\/blogs.elcorreo.com\/muchomasmotor\/wp-json\/wp\/v2\/media?parent=83"}],"wp:term":[{"taxonomy":"category","embeddable":true,"href":"https:\/\/blogs.elcorreo.com\/muchomasmotor\/wp-json\/wp\/v2\/categories?post=83"},{"taxonomy":"post_tag","embeddable":true,"href":"https:\/\/blogs.elcorreo.com\/muchomasmotor\/wp-json\/wp\/v2\/tags?post=83"}],"curies":[{"name":"wp","href":"https:\/\/api.w.org\/{rel}","templated":true}]}}