{"id":966,"date":"2009-12-19T11:47:00","date_gmt":"2009-12-19T11:47:00","guid":{"rendered":"http:\/\/blogs.elcorreo.com\/inakicerrajeria\/?p=965"},"modified":"2009-12-19T11:47:00","modified_gmt":"2009-12-19T11:47:00","slug":"unas-navidades-mas-seguras","status":"publish","type":"post","link":"https:\/\/blogs.elcorreo.com\/inakicerrajeria\/2009\/12\/19\/unas-navidades-mas-seguras\/","title":{"rendered":"Unas navidades m\u00e1s seguras"},"content":{"rendered":"<p><span style=\"color:#ff0000\">\u00c1lava<br \/>\n<\/span><IMG src=\"\/inakicerrajeria\/files\/19-12-09blog.jpg\" id=\"img_0\" class=\"imgizqda\" width=\"600\" height=\"143\"><\/p>\n<div class=\"barhead\">\n<div class=\"ln\" id=\"story-entradilla\"> <\/div>\n<\/p><\/div>\n<p>  Es tiempo de buenos sentimientos, de compras, de bullicio, pero tambi\u00e9n de excesos y de aparici\u00f3n de amigos de lo ajeno. Para pasar con nota y tranquilidad los pr\u00f3ximos quince d\u00edas, la Polic\u00eda Local ha activado un nuevo Plan Especial de Navidad. <A href=\"http:\/\/www.elcorreo.com\/alava\/20091219\/alava\/unas-navidades-seguras-20091219.html\" title=\"http:\/\/www.elcorreodigital.com\/alava\/20091219\/alava\/unas-navidades-seguras-20091219.html\" id=\"link_0\">(+info)<\/a> <\/p>\n<!-- AddThis Advanced Settings generic via filter on the_content --><!-- AddThis Share Buttons generic via filter on the_content -->","protected":false},"excerpt":{"rendered":"<p>\u00c1lava Es tiempo de buenos sentimientos, de compras, de bullicio, pero tambi\u00e9n de excesos y de aparici\u00f3n de amigos de lo ajeno. Para pasar con nota y tranquilidad los pr\u00f3ximos quince d\u00edas, la Polic\u00eda Local ha activado un nuevo Plan Especial de Navidad. (+info)<!-- AddThis Advanced Settings generic via filter on get_the_excerpt --><!-- AddThis Share Buttons generic via filter on get_the_excerpt --><\/p>\n","protected":false},"author":41,"featured_media":0,"comment_status":"open","ping_status":"closed","sticky":false,"template":"","format":"standard","meta":[],"categories":[16],"tags":[2855,4836,5456,6380],"_links":{"self":[{"href":"https:\/\/blogs.elcorreo.com\/inakicerrajeria\/wp-json\/wp\/v2\/posts\/966"}],"collection":[{"href":"https:\/\/blogs.elcorreo.com\/inakicerrajeria\/wp-json\/wp\/v2\/posts"}],"about":[{"href":"https:\/\/blogs.elcorreo.com\/inakicerrajeria\/wp-json\/wp\/v2\/types\/post"}],"author":[{"embeddable":true,"href":"https:\/\/blogs.elcorreo.com\/inakicerrajeria\/wp-json\/wp\/v2\/users\/41"}],"replies":[{"embeddable":true,"href":"https:\/\/blogs.elcorreo.com\/inakicerrajeria\/wp-json\/wp\/v2\/comments?post=966"}],"version-history":[{"count":0,"href":"https:\/\/blogs.elcorreo.com\/inakicerrajeria\/wp-json\/wp\/v2\/posts\/966\/revisions"}],"wp:attachment":[{"href":"https:\/\/blogs.elcorreo.com\/inakicerrajeria\/wp-json\/wp\/v2\/media?parent=966"}],"wp:term":[{"taxonomy":"category","embeddable":true,"href":"https:\/\/blogs.elcorreo.com\/inakicerrajeria\/wp-json\/wp\/v2\/categories?post=966"},{"taxonomy":"post_tag","embeddable":true,"href":"https:\/\/blogs.elcorreo.com\/inakicerrajeria\/wp-json\/wp\/v2\/tags?post=966"}],"curies":[{"name":"wp","href":"https:\/\/api.w.org\/{rel}","templated":true}]}}