{"id":9392,"date":"2014-11-30T08:23:22","date_gmt":"2014-11-30T07:23:22","guid":{"rendered":"http:\/\/blogs.elcorreo.com\/inakicerrajeria\/?p=9392"},"modified":"2014-11-30T08:23:22","modified_gmt":"2014-11-30T07:23:22","slug":"las-costuras-verdes-de-lakua","status":"publish","type":"post","link":"https:\/\/blogs.elcorreo.com\/inakicerrajeria\/2014\/11\/30\/las-costuras-verdes-de-lakua\/","title":{"rendered":"LAS COSTURAS VERDES DE LAKUA"},"content":{"rendered":"<p>&nbsp;<\/p>\n<p><span style=\"color: #008000;\"><strong>ARABA\/\u00c1LAVA<\/strong><\/span><\/p>\n<p><a href=\"\/inakicerrajeria\/wp-content\/uploads\/sites\/29\/2014\/12\/30-11-14blog.jpg\"><img loading=\"lazy\" class=\"alignnone  wp-image-9395\" title=\"30-11-14blog\" src=\"\/inakicerrajeria\/wp-content\/uploads\/sites\/29\/2014\/12\/30-11-14blog.jpg\" alt=\"\" width=\"601\" height=\"156\" srcset=\"https:\/\/blogs.elcorreo.com\/inakicerrajeria\/wp-content\/uploads\/sites\/29\/2014\/12\/30-11-14blog.jpg 1031w, https:\/\/blogs.elcorreo.com\/inakicerrajeria\/wp-content\/uploads\/sites\/29\/2014\/12\/30-11-14blog-300x78.jpg 300w, https:\/\/blogs.elcorreo.com\/inakicerrajeria\/wp-content\/uploads\/sites\/29\/2014\/12\/30-11-14blog-768x200.jpg 768w, https:\/\/blogs.elcorreo.com\/inakicerrajeria\/wp-content\/uploads\/sites\/29\/2014\/12\/30-11-14blog-1024x266.jpg 1024w\" sizes=\"(max-width: 601px) 100vw, 601px\" \/><\/a><\/p>\n<p>Entre los Montes de Vitoria y el r\u00edo Zadorra hay una ciudad m\u00e1s que verde. Su idilio con las plantas va m\u00e1s all\u00e1 de lo ornamental. Gracias a su anillo de parques periurbanos, sus humedales, su red de bicicarriles, el gran sentido del reciclaje de sus ciudadanos o sus edificios sostenibles logr\u00f3 ser Green Capital en 2012. (+info. en el papel)<\/p>\n<!-- AddThis Advanced Settings generic via filter on the_content --><!-- AddThis Share Buttons generic via filter on the_content -->","protected":false},"excerpt":{"rendered":"<p>&nbsp; ARABA\/\u00c1LAVA Entre los Montes de Vitoria y el r\u00edo Zadorra hay una ciudad m\u00e1s que verde. Su idilio con las plantas va m\u00e1s all\u00e1 de lo ornamental. Gracias a su anillo de parques periurbanos, sus humedales, su red de bicicarriles, el gran sentido del reciclaje de sus ciudadanos o sus edificios sostenibles logr\u00f3 ser [&hellip;]<!-- AddThis Advanced Settings generic via filter on get_the_excerpt --><!-- AddThis Share Buttons generic via filter on get_the_excerpt --><\/p>\n","protected":false},"author":41,"featured_media":0,"comment_status":"open","ping_status":"closed","sticky":false,"template":"","format":"standard","meta":[],"categories":[12,16],"tags":[432,3501,7189],"_links":{"self":[{"href":"https:\/\/blogs.elcorreo.com\/inakicerrajeria\/wp-json\/wp\/v2\/posts\/9392"}],"collection":[{"href":"https:\/\/blogs.elcorreo.com\/inakicerrajeria\/wp-json\/wp\/v2\/posts"}],"about":[{"href":"https:\/\/blogs.elcorreo.com\/inakicerrajeria\/wp-json\/wp\/v2\/types\/post"}],"author":[{"embeddable":true,"href":"https:\/\/blogs.elcorreo.com\/inakicerrajeria\/wp-json\/wp\/v2\/users\/41"}],"replies":[{"embeddable":true,"href":"https:\/\/blogs.elcorreo.com\/inakicerrajeria\/wp-json\/wp\/v2\/comments?post=9392"}],"version-history":[{"count":0,"href":"https:\/\/blogs.elcorreo.com\/inakicerrajeria\/wp-json\/wp\/v2\/posts\/9392\/revisions"}],"wp:attachment":[{"href":"https:\/\/blogs.elcorreo.com\/inakicerrajeria\/wp-json\/wp\/v2\/media?parent=9392"}],"wp:term":[{"taxonomy":"category","embeddable":true,"href":"https:\/\/blogs.elcorreo.com\/inakicerrajeria\/wp-json\/wp\/v2\/categories?post=9392"},{"taxonomy":"post_tag","embeddable":true,"href":"https:\/\/blogs.elcorreo.com\/inakicerrajeria\/wp-json\/wp\/v2\/tags?post=9392"}],"curies":[{"name":"wp","href":"https:\/\/api.w.org\/{rel}","templated":true}]}}