{"id":932,"date":"2009-12-03T09:25:00","date_gmt":"2009-12-03T09:25:00","guid":{"rendered":"http:\/\/blogs.elcorreo.com\/inakicerrajeria\/?p=931"},"modified":"2009-12-03T09:25:00","modified_gmt":"2009-12-03T09:25:00","slug":"108-robos-coches-noviembre","status":"publish","type":"post","link":"https:\/\/blogs.elcorreo.com\/inakicerrajeria\/2009\/12\/03\/108-robos-coches-noviembre\/","title":{"rendered":"108 robos en coches en noviembre"},"content":{"rendered":"<p><span style=\"color:#ff0000\">\u00c1lava<br \/>\n<\/span><IMG src=\"\/inakicerrajeria\/files\/3-12-09blog.jpg\" id=\"img_0\" class=\"imgizqda\" width=\"617\" height=\"150\"><\/p>\n<div class=\"barhead\">\n<div class=\"ln\" id=\"story-entradilla\"> <\/div>\n<\/p><\/div>\n<p>  Los propietarios de los coches que &#8216;duermen&#8217; en las calles vitorianas han perdido de nuevo el sue\u00f1o. Y quienes los guardan en un garaje tampoco se han librado de despertarse sobresaltados a medianoche. La estad\u00edstica de robos en el interior de veh\u00edculos se ha vuelto a disparar en el \u00faltimo mes y ha recuperado las cifras de mayo, cuando la ciudad sufri\u00f3 una aut\u00e9ntica pesadilla en forma de oleada de asaltos -118- y los talleres especializados en lunas de autom\u00f3viles se vieron desbordados por tanto trabajo.<br \/>\n<A href=\"http:\/\/www.elcorreo.com\/alava\/20091203\/alava\/robos-coches-noviembre-20091203.html\" title=\"http:\/\/www.elcorreodigital.com\/alava\/20091203\/alava\/robos-coches-noviembre-20091203.html\" id=\"link_0\">(+info)<\/a> <\/p>\n<!-- AddThis Advanced Settings generic via filter on the_content --><!-- AddThis Share Buttons generic via filter on the_content -->","protected":false},"excerpt":{"rendered":"<p>\u00c1lava Los propietarios de los coches que &#8216;duermen&#8217; en las calles vitorianas han perdido de nuevo el sue\u00f1o. Y quienes los guardan en un garaje tampoco se han librado de despertarse sobresaltados a medianoche. La estad\u00edstica de robos en el interior de veh\u00edculos se ha vuelto a disparar en el \u00faltimo mes y ha recuperado [&hellip;]<!-- AddThis Advanced Settings generic via filter on get_the_excerpt --><!-- AddThis Share Buttons generic via filter on get_the_excerpt --><\/p>\n","protected":false},"author":41,"featured_media":0,"comment_status":"open","ping_status":"closed","sticky":false,"template":"","format":"standard","meta":[],"categories":[16],"tags":[1122,1154,2185,3884,4150,6183,7156],"_links":{"self":[{"href":"https:\/\/blogs.elcorreo.com\/inakicerrajeria\/wp-json\/wp\/v2\/posts\/932"}],"collection":[{"href":"https:\/\/blogs.elcorreo.com\/inakicerrajeria\/wp-json\/wp\/v2\/posts"}],"about":[{"href":"https:\/\/blogs.elcorreo.com\/inakicerrajeria\/wp-json\/wp\/v2\/types\/post"}],"author":[{"embeddable":true,"href":"https:\/\/blogs.elcorreo.com\/inakicerrajeria\/wp-json\/wp\/v2\/users\/41"}],"replies":[{"embeddable":true,"href":"https:\/\/blogs.elcorreo.com\/inakicerrajeria\/wp-json\/wp\/v2\/comments?post=932"}],"version-history":[{"count":0,"href":"https:\/\/blogs.elcorreo.com\/inakicerrajeria\/wp-json\/wp\/v2\/posts\/932\/revisions"}],"wp:attachment":[{"href":"https:\/\/blogs.elcorreo.com\/inakicerrajeria\/wp-json\/wp\/v2\/media?parent=932"}],"wp:term":[{"taxonomy":"category","embeddable":true,"href":"https:\/\/blogs.elcorreo.com\/inakicerrajeria\/wp-json\/wp\/v2\/categories?post=932"},{"taxonomy":"post_tag","embeddable":true,"href":"https:\/\/blogs.elcorreo.com\/inakicerrajeria\/wp-json\/wp\/v2\/tags?post=932"}],"curies":[{"name":"wp","href":"https:\/\/api.w.org\/{rel}","templated":true}]}}