{"id":931,"date":"2009-12-03T09:21:00","date_gmt":"2009-12-03T09:21:00","guid":{"rendered":"http:\/\/blogs.elcorreo.com\/inakicerrajeria\/?p=930"},"modified":"2009-12-03T09:21:00","modified_gmt":"2009-12-03T09:21:00","slug":"el-sellado-del-vertedero-la-ciudad-costara-mas-4-millones","status":"publish","type":"post","link":"https:\/\/blogs.elcorreo.com\/inakicerrajeria\/2009\/12\/03\/el-sellado-del-vertedero-la-ciudad-costara-mas-4-millones\/","title":{"rendered":"El sellado del vertedero de la ciudad costar\u00e1 m\u00e1s de 4 millones de euros"},"content":{"rendered":"<p><span style=\"color:#3366ff\">Miranda<br \/>\n<\/span><IMG src=\"\/inakicerrajeria\/files\/mir3-12-09blog.jpg\" id=\"img_0\" class=\"imgizqda\" width=\"613\" height=\"149\"><\/p>\n<div class=\"barhead\">\n<div class=\"ln\" id=\"story-entradilla\"> <\/div>\n<\/p><\/div>\n<div class=\"p\">La el\u00e1stica vida del vertedero de Miranda ya no da para m\u00e1s. Despu\u00e9s de que el Ayuntamiento decidiera en 2006 incumplir la normativa regional sobre residuos al no haberse concretado para entonces ninguna de las alternativas que deb\u00edan impulsarse desde Valladolid, la clausura definitiva llegar\u00e1 el pr\u00f3ximo a\u00f1o. El proyecto, al que se ha dado ya visto bueno, contempla la recuperaci\u00f3n paisaj\u00edstica de esa zona de desecho, muy pr\u00f3xima al barrio de Los Corrales. Y exigir\u00e1 realizar un desembolso estimado de 4,4 millones euros. <A href=\"http:\/\/www.elcorreo.com\/alava\/20091203\/miranda\/sellado-vertedero-ciudad-costara-20091203.html\" title=\"http:\/\/www.elcorreodigital.com\/alava\/20091203\/miranda\/sellado-vertedero-ciudad-costara-20091203.html\" id=\"link_1\">(+info)<\/a> <\/div>\n<!-- AddThis Advanced Settings generic via filter on the_content --><!-- AddThis Share Buttons generic via filter on the_content -->","protected":false},"excerpt":{"rendered":"<p>Miranda La el\u00e1stica vida del vertedero de Miranda ya no da para m\u00e1s. Despu\u00e9s de que el Ayuntamiento decidiera en 2006 incumplir la normativa regional sobre residuos al no haberse concretado para entonces ninguna de las alternativas que deb\u00edan impulsarse desde Valladolid, la clausura definitiva llegar\u00e1 el pr\u00f3ximo a\u00f1o. El proyecto, al que se ha [&hellip;]<!-- AddThis Advanced Settings generic via filter on get_the_excerpt --><!-- AddThis Share Buttons generic via filter on get_the_excerpt --><\/p>\n","protected":false},"author":41,"featured_media":0,"comment_status":"open","ping_status":"closed","sticky":false,"template":"","format":"standard","meta":[],"categories":[18],"tags":[347,875,3158,4640,6392,7199],"_links":{"self":[{"href":"https:\/\/blogs.elcorreo.com\/inakicerrajeria\/wp-json\/wp\/v2\/posts\/931"}],"collection":[{"href":"https:\/\/blogs.elcorreo.com\/inakicerrajeria\/wp-json\/wp\/v2\/posts"}],"about":[{"href":"https:\/\/blogs.elcorreo.com\/inakicerrajeria\/wp-json\/wp\/v2\/types\/post"}],"author":[{"embeddable":true,"href":"https:\/\/blogs.elcorreo.com\/inakicerrajeria\/wp-json\/wp\/v2\/users\/41"}],"replies":[{"embeddable":true,"href":"https:\/\/blogs.elcorreo.com\/inakicerrajeria\/wp-json\/wp\/v2\/comments?post=931"}],"version-history":[{"count":0,"href":"https:\/\/blogs.elcorreo.com\/inakicerrajeria\/wp-json\/wp\/v2\/posts\/931\/revisions"}],"wp:attachment":[{"href":"https:\/\/blogs.elcorreo.com\/inakicerrajeria\/wp-json\/wp\/v2\/media?parent=931"}],"wp:term":[{"taxonomy":"category","embeddable":true,"href":"https:\/\/blogs.elcorreo.com\/inakicerrajeria\/wp-json\/wp\/v2\/categories?post=931"},{"taxonomy":"post_tag","embeddable":true,"href":"https:\/\/blogs.elcorreo.com\/inakicerrajeria\/wp-json\/wp\/v2\/tags?post=931"}],"curies":[{"name":"wp","href":"https:\/\/api.w.org\/{rel}","templated":true}]}}