{"id":9308,"date":"2014-11-15T10:27:17","date_gmt":"2014-11-15T09:27:17","guid":{"rendered":"http:\/\/blogs.elcorreo.com\/inakicerrajeria\/?p=9308"},"modified":"2014-11-15T10:27:17","modified_gmt":"2014-11-15T09:27:17","slug":"el-ayuntamiento-pide-ampliar-a-17-anos-el-plazo-para-ponerse-al-dia-con-hacienda","status":"publish","type":"post","link":"https:\/\/blogs.elcorreo.com\/inakicerrajeria\/2014\/11\/15\/el-ayuntamiento-pide-ampliar-a-17-anos-el-plazo-para-ponerse-al-dia-con-hacienda\/","title":{"rendered":"El Ayuntamiento pide ampliar a 17 a\u00f1os el plazo para ponerse al d\u00eda con Hacienda"},"content":{"rendered":"<p>&nbsp;<\/p>\n<p><span style=\"color: #0000ff;\"><strong>MIRANDA<\/strong><\/span><\/p>\n<p><a href=\"\/inakicerrajeria\/wp-content\/uploads\/sites\/29\/2014\/11\/mir15-11-14blog.jpg\"><img loading=\"lazy\" class=\"alignnone  wp-image-9309\" title=\"mir15-11-14blog\" src=\"\/inakicerrajeria\/wp-content\/uploads\/sites\/29\/2014\/11\/mir15-11-14blog.jpg\" alt=\"\" width=\"593\" height=\"154\" srcset=\"https:\/\/blogs.elcorreo.com\/inakicerrajeria\/wp-content\/uploads\/sites\/29\/2014\/11\/mir15-11-14blog.jpg 1031w, https:\/\/blogs.elcorreo.com\/inakicerrajeria\/wp-content\/uploads\/sites\/29\/2014\/11\/mir15-11-14blog-300x78.jpg 300w, https:\/\/blogs.elcorreo.com\/inakicerrajeria\/wp-content\/uploads\/sites\/29\/2014\/11\/mir15-11-14blog-768x200.jpg 768w, https:\/\/blogs.elcorreo.com\/inakicerrajeria\/wp-content\/uploads\/sites\/29\/2014\/11\/mir15-11-14blog-1024x266.jpg 1024w\" sizes=\"(max-width: 593px) 100vw, 593px\" \/><\/a><\/p>\n<p>Es el segundo aplazamiento en menos de tres a\u00f1os. Aunque con este se persigue m\u00e1s un acomodo contable, que paliar los efectos de una brecha econ\u00f3mica. <a href=\"http:\/\/www.elcorreo.com\/miranda\/201411\/15\/ayuntamiento-pide-ampliar-anos-20141114202359.html\" rel=\"external nofollow\">[+]<\/a><\/p>\n<!-- AddThis Advanced Settings generic via filter on the_content --><!-- AddThis Share Buttons generic via filter on the_content -->","protected":false},"excerpt":{"rendered":"<p>&nbsp; MIRANDA Es el segundo aplazamiento en menos de tres a\u00f1os. Aunque con este se persigue m\u00e1s un acomodo contable, que paliar los efectos de una brecha econ\u00f3mica. [+]<!-- AddThis Advanced Settings generic via filter on get_the_excerpt --><!-- AddThis Share Buttons generic via filter on get_the_excerpt --><\/p>\n","protected":false},"author":41,"featured_media":0,"comment_status":"open","ping_status":"closed","sticky":false,"template":"","format":"standard","meta":[],"categories":[18],"tags":[490,3554],"_links":{"self":[{"href":"https:\/\/blogs.elcorreo.com\/inakicerrajeria\/wp-json\/wp\/v2\/posts\/9308"}],"collection":[{"href":"https:\/\/blogs.elcorreo.com\/inakicerrajeria\/wp-json\/wp\/v2\/posts"}],"about":[{"href":"https:\/\/blogs.elcorreo.com\/inakicerrajeria\/wp-json\/wp\/v2\/types\/post"}],"author":[{"embeddable":true,"href":"https:\/\/blogs.elcorreo.com\/inakicerrajeria\/wp-json\/wp\/v2\/users\/41"}],"replies":[{"embeddable":true,"href":"https:\/\/blogs.elcorreo.com\/inakicerrajeria\/wp-json\/wp\/v2\/comments?post=9308"}],"version-history":[{"count":0,"href":"https:\/\/blogs.elcorreo.com\/inakicerrajeria\/wp-json\/wp\/v2\/posts\/9308\/revisions"}],"wp:attachment":[{"href":"https:\/\/blogs.elcorreo.com\/inakicerrajeria\/wp-json\/wp\/v2\/media?parent=9308"}],"wp:term":[{"taxonomy":"category","embeddable":true,"href":"https:\/\/blogs.elcorreo.com\/inakicerrajeria\/wp-json\/wp\/v2\/categories?post=9308"},{"taxonomy":"post_tag","embeddable":true,"href":"https:\/\/blogs.elcorreo.com\/inakicerrajeria\/wp-json\/wp\/v2\/tags?post=9308"}],"curies":[{"name":"wp","href":"https:\/\/api.w.org\/{rel}","templated":true}]}}