{"id":8054,"date":"2014-03-30T10:15:11","date_gmt":"2014-03-30T09:15:11","guid":{"rendered":"http:\/\/blogs.elcorreo.com\/inakicerrajeria\/?p=8054"},"modified":"2014-03-30T10:15:11","modified_gmt":"2014-03-30T09:15:11","slug":"el-nombre-de-adolfo-suarez-para-la-estacion-de-autobuses-disgusta-a-la-oposicion","status":"publish","type":"post","link":"https:\/\/blogs.elcorreo.com\/inakicerrajeria\/2014\/03\/30\/el-nombre-de-adolfo-suarez-para-la-estacion-de-autobuses-disgusta-a-la-oposicion\/","title":{"rendered":"El nombre de Adolfo Su\u00e1rez para la estaci\u00f3n de autobuses disgusta a la oposici\u00f3n"},"content":{"rendered":"<p>&nbsp;<\/p>\n<p><span style=\"color: #008000;\"><strong>ARABA\/\u00c1LAVA<\/strong><\/span><\/p>\n<p><a href=\"\/inakicerrajeria\/wp-content\/uploads\/sites\/29\/2014\/03\/30-03-14blog.jpg\"><img loading=\"lazy\" class=\"alignnone  wp-image-8055\" title=\"30-03-14blog\" src=\"\/inakicerrajeria\/wp-content\/uploads\/sites\/29\/2014\/03\/30-03-14blog.jpg\" alt=\"\" width=\"601\" height=\"156\" srcset=\"https:\/\/blogs.elcorreo.com\/inakicerrajeria\/wp-content\/uploads\/sites\/29\/2014\/03\/30-03-14blog.jpg 1031w, https:\/\/blogs.elcorreo.com\/inakicerrajeria\/wp-content\/uploads\/sites\/29\/2014\/03\/30-03-14blog-300x78.jpg 300w, https:\/\/blogs.elcorreo.com\/inakicerrajeria\/wp-content\/uploads\/sites\/29\/2014\/03\/30-03-14blog-768x200.jpg 768w, https:\/\/blogs.elcorreo.com\/inakicerrajeria\/wp-content\/uploads\/sites\/29\/2014\/03\/30-03-14blog-1024x266.jpg 1024w\" sizes=\"(max-width: 601px) 100vw, 601px\" \/><\/a><\/p>\n<p>Los grupos censuran la decisi\u00f3n y opinan que el peor homenaje que se puede hacer al expresidente es no haber buscado un \u00abm\u00ednimo consenso\u00bb. <a href=\"http:\/\/www.elcorreo.com\/alava\/v\/20140330\/alava\/eleccion-adolfo-suarez-para-20140330.html\" rel=\"external nofollow\">[+]<\/a><\/p>\n<!-- AddThis Advanced Settings generic via filter on the_content --><!-- AddThis Share Buttons generic via filter on the_content -->","protected":false},"excerpt":{"rendered":"<p>&nbsp; ARABA\/\u00c1LAVA Los grupos censuran la decisi\u00f3n y opinan que el peor homenaje que se puede hacer al expresidente es no haber buscado un \u00abm\u00ednimo consenso\u00bb. [+]<!-- AddThis Advanced Settings generic via filter on get_the_excerpt --><!-- AddThis Share Buttons generic via filter on get_the_excerpt --><\/p>\n","protected":false},"author":41,"featured_media":0,"comment_status":"open","ping_status":"closed","sticky":false,"template":"","format":"standard","meta":[],"categories":[16],"tags":[1845,2885,4890],"_links":{"self":[{"href":"https:\/\/blogs.elcorreo.com\/inakicerrajeria\/wp-json\/wp\/v2\/posts\/8054"}],"collection":[{"href":"https:\/\/blogs.elcorreo.com\/inakicerrajeria\/wp-json\/wp\/v2\/posts"}],"about":[{"href":"https:\/\/blogs.elcorreo.com\/inakicerrajeria\/wp-json\/wp\/v2\/types\/post"}],"author":[{"embeddable":true,"href":"https:\/\/blogs.elcorreo.com\/inakicerrajeria\/wp-json\/wp\/v2\/users\/41"}],"replies":[{"embeddable":true,"href":"https:\/\/blogs.elcorreo.com\/inakicerrajeria\/wp-json\/wp\/v2\/comments?post=8054"}],"version-history":[{"count":0,"href":"https:\/\/blogs.elcorreo.com\/inakicerrajeria\/wp-json\/wp\/v2\/posts\/8054\/revisions"}],"wp:attachment":[{"href":"https:\/\/blogs.elcorreo.com\/inakicerrajeria\/wp-json\/wp\/v2\/media?parent=8054"}],"wp:term":[{"taxonomy":"category","embeddable":true,"href":"https:\/\/blogs.elcorreo.com\/inakicerrajeria\/wp-json\/wp\/v2\/categories?post=8054"},{"taxonomy":"post_tag","embeddable":true,"href":"https:\/\/blogs.elcorreo.com\/inakicerrajeria\/wp-json\/wp\/v2\/tags?post=8054"}],"curies":[{"name":"wp","href":"https:\/\/api.w.org\/{rel}","templated":true}]}}