{"id":737,"date":"2009-09-09T08:37:00","date_gmt":"2009-09-09T08:37:00","guid":{"rendered":"http:\/\/blogs.elcorreo.com\/inakicerrajeria\/?p=736"},"modified":"2009-09-09T08:37:00","modified_gmt":"2009-09-09T08:37:00","slug":"garzon-declara-hoy-ante-supremo-abrir-causa-contra-el","status":"publish","type":"post","link":"https:\/\/blogs.elcorreo.com\/inakicerrajeria\/2009\/09\/09\/garzon-declara-hoy-ante-supremo-abrir-causa-contra-el\/","title":{"rendered":"Garz\u00f3n declara hoy ante el Supremo por abrir una causa contra el franquismo"},"content":{"rendered":"<p><span style=\"color:#009900\">Opini\u00f3n<br \/>\n<\/span><IMG src=\"\/inakicerrajeria\/files\/opini%C3%B3n9-9-09blog.jpg\" id=\"img_0\" class=\"imgizqda\" width=\"600\" height=\"288\"><\/p>\n<div class=\"barhead\">\n<div class=\"ln\" id=\"story-entradilla\"> <\/div>\n<\/p><\/div>\n<p>  El juez de la Audiencia Nacional Baltasar Garz\u00f3n declarar\u00e1 hoy ante el Tribunal Supremo imputado de un delito de prevaricaci\u00f3n que habr\u00eda cometido al abrir una causa penal para investigar los cr\u00edmenes del franquismo, pese a las dudas sobre su competencia para hacerlo.  <A href=\"http:\/\/www.elcorreo.com\/alava\/prensa\/20090909\/politica\/garzon-declara-ante-supremo-20090909.html\" title=\"http:\/\/www.elcorreodigital.com\/alava\/prensa\/20090909\/politica\/garzon-declara-ante-supremo-20090909.html\" id=\"link_0\">(+info)<\/a> <\/p>\n<!-- AddThis Advanced Settings generic via filter on the_content --><!-- AddThis Share Buttons generic via filter on the_content -->","protected":false},"excerpt":{"rendered":"<p>Opini\u00f3n El juez de la Audiencia Nacional Baltasar Garz\u00f3n declarar\u00e1 hoy ante el Tribunal Supremo imputado de un delito de prevaricaci\u00f3n que habr\u00eda cometido al abrir una causa penal para investigar los cr\u00edmenes del franquismo, pese a las dudas sobre su competencia para hacerlo. (+info)<!-- AddThis Advanced Settings generic via filter on get_the_excerpt --><!-- AddThis Share Buttons generic via filter on get_the_excerpt --><\/p>\n","protected":false},"author":41,"featured_media":0,"comment_status":"open","ping_status":"closed","sticky":false,"template":"","format":"standard","meta":[],"categories":[13],"tags":[1746,2019,3255,3369,3965,4094],"_links":{"self":[{"href":"https:\/\/blogs.elcorreo.com\/inakicerrajeria\/wp-json\/wp\/v2\/posts\/737"}],"collection":[{"href":"https:\/\/blogs.elcorreo.com\/inakicerrajeria\/wp-json\/wp\/v2\/posts"}],"about":[{"href":"https:\/\/blogs.elcorreo.com\/inakicerrajeria\/wp-json\/wp\/v2\/types\/post"}],"author":[{"embeddable":true,"href":"https:\/\/blogs.elcorreo.com\/inakicerrajeria\/wp-json\/wp\/v2\/users\/41"}],"replies":[{"embeddable":true,"href":"https:\/\/blogs.elcorreo.com\/inakicerrajeria\/wp-json\/wp\/v2\/comments?post=737"}],"version-history":[{"count":0,"href":"https:\/\/blogs.elcorreo.com\/inakicerrajeria\/wp-json\/wp\/v2\/posts\/737\/revisions"}],"wp:attachment":[{"href":"https:\/\/blogs.elcorreo.com\/inakicerrajeria\/wp-json\/wp\/v2\/media?parent=737"}],"wp:term":[{"taxonomy":"category","embeddable":true,"href":"https:\/\/blogs.elcorreo.com\/inakicerrajeria\/wp-json\/wp\/v2\/categories?post=737"},{"taxonomy":"post_tag","embeddable":true,"href":"https:\/\/blogs.elcorreo.com\/inakicerrajeria\/wp-json\/wp\/v2\/tags?post=737"}],"curies":[{"name":"wp","href":"https:\/\/api.w.org\/{rel}","templated":true}]}}