{"id":606,"date":"2009-06-26T09:14:00","date_gmt":"2009-06-26T09:14:00","guid":{"rendered":"http:\/\/blogs.elcorreo.com\/inakicerrajeria\/?p=605"},"modified":"2009-06-26T09:14:00","modified_gmt":"2009-06-26T09:14:00","slug":"los-mayores-salen-casa","status":"publish","type":"post","link":"https:\/\/blogs.elcorreo.com\/inakicerrajeria\/2009\/06\/26\/los-mayores-salen-casa\/","title":{"rendered":"\u00abLos mayores no salen de casa\u00bb"},"content":{"rendered":"<div class=\"barhead\">\n<div class=\"ln\" id=\"story-entradilla\"> <\/div>\n<\/p><\/div>\n<div class=\"p\">Ni los 3.000 euros de multa, ni el vallado y se\u00f1alizaci\u00f3n de las obras de las calles Pintorer\u00eda y Cuchiller\u00eda son suficientes para sus vecinos, comerciantes y hosteleros. \u00abLas empresas incumplen las normativas de acceso y seguridad. No pueden entrar los taxis, ni las ambulancias y tampoco los bomberos\u00bb, denunci\u00f3 ayer Elena Torres, minorista de la zona, que hizo de portavoz de los afectados.  <A href=\"http:\/\/www.elcorreo.com\/alava\/20090626\/alava\/mayores-salen-casa-20090626.html\" title=\"http:\/\/www.elcorreodigital.com\/alava\/20090626\/alava\/mayores-salen-casa-20090626.html\" id=\"link_0\">(+info)<\/a><\/p>\n<p><span style=\"color:#ff0000\">\u00c1lava<\/span><\/p>\n<p><IMG src=\"\/inakicerrajeria\/files\/26-6-09blog.jpg\" id=\"img_0\" class=\"imgizqda\" width=\"600\" height=\"143\">\n <\/div>\n<!-- AddThis Advanced Settings generic via filter on the_content --><!-- AddThis Share Buttons generic via filter on the_content -->","protected":false},"excerpt":{"rendered":"<p>Ni los 3.000 euros de multa, ni el vallado y se\u00f1alizaci\u00f3n de las obras de las calles Pintorer\u00eda y Cuchiller\u00eda son suficientes para sus vecinos, comerciantes y hosteleros. \u00abLas empresas incumplen las normativas de acceso y seguridad. No pueden entrar los taxis, ni las ambulancias y tampoco los bomberos\u00bb, denunci\u00f3 ayer Elena Torres, minorista de [&hellip;]<!-- AddThis Advanced Settings generic via filter on get_the_excerpt --><!-- AddThis Share Buttons generic via filter on get_the_excerpt --><\/p>\n","protected":false},"author":41,"featured_media":0,"comment_status":"open","ping_status":"closed","sticky":false,"template":"","format":"standard","meta":[],"categories":[16],"tags":[91,210,1715,4504,4763,4897,4941,6380,7128,7152],"_links":{"self":[{"href":"https:\/\/blogs.elcorreo.com\/inakicerrajeria\/wp-json\/wp\/v2\/posts\/606"}],"collection":[{"href":"https:\/\/blogs.elcorreo.com\/inakicerrajeria\/wp-json\/wp\/v2\/posts"}],"about":[{"href":"https:\/\/blogs.elcorreo.com\/inakicerrajeria\/wp-json\/wp\/v2\/types\/post"}],"author":[{"embeddable":true,"href":"https:\/\/blogs.elcorreo.com\/inakicerrajeria\/wp-json\/wp\/v2\/users\/41"}],"replies":[{"embeddable":true,"href":"https:\/\/blogs.elcorreo.com\/inakicerrajeria\/wp-json\/wp\/v2\/comments?post=606"}],"version-history":[{"count":0,"href":"https:\/\/blogs.elcorreo.com\/inakicerrajeria\/wp-json\/wp\/v2\/posts\/606\/revisions"}],"wp:attachment":[{"href":"https:\/\/blogs.elcorreo.com\/inakicerrajeria\/wp-json\/wp\/v2\/media?parent=606"}],"wp:term":[{"taxonomy":"category","embeddable":true,"href":"https:\/\/blogs.elcorreo.com\/inakicerrajeria\/wp-json\/wp\/v2\/categories?post=606"},{"taxonomy":"post_tag","embeddable":true,"href":"https:\/\/blogs.elcorreo.com\/inakicerrajeria\/wp-json\/wp\/v2\/tags?post=606"}],"curies":[{"name":"wp","href":"https:\/\/api.w.org\/{rel}","templated":true}]}}