{"id":579,"date":"2009-06-14T10:42:00","date_gmt":"2009-06-14T10:42:00","guid":{"rendered":"http:\/\/blogs.elcorreo.com\/inakicerrajeria\/?p=578"},"modified":"2009-06-14T10:42:00","modified_gmt":"2009-06-14T10:42:00","slug":"arranca-temporada-bano-los-pantanos","status":"publish","type":"post","link":"https:\/\/blogs.elcorreo.com\/inakicerrajeria\/2009\/06\/14\/arranca-temporada-bano-los-pantanos\/","title":{"rendered":"Arranca la temporada de ba\u00f1o en los pantanos"},"content":{"rendered":"<div class=\"barhead\">\n<div class=\"ln\" id=\"story-entradilla\"> <\/div>\n<\/p><\/div>\n<div class=\"p\">\u00bfPez en el agua o lagarto al sol? El dilema result\u00f3 bastante complicado para las decenas de ciudadanos que se acercaron ayer hasta el entorno del embalse de Ull\u00edbarri-Gamboa y la mayor\u00eda intent\u00f3 convertirse en un h\u00edbrido entre ambas especies. Y quienes decidieron darse un peque\u00f1o o largo chapuz\u00f3n pudieron hacerlo ya dentro de la temporada de ba\u00f1os, que este fin de semana ha quedado inaugurada oficialmente en la zona. \u00abLa temperatura est\u00e1 genial\u00bb, comentaban unos aficionados a la nataci\u00f3n en Garaio. <A href=\"http:\/\/www.elcorreo.com\/alava\/20090614\/alava\/arranca-temporada-bano-pantanos-20090614.html\" title=\"http:\/\/www.elcorreodigital.com\/alava\/20090614\/alava\/arranca-temporada-bano-pantanos-20090614.html\" id=\"link_0\">(+info)<\/a><\/p>\n<p><span style=\"color: rgb(255, 0, 0);\">\u00c1lava<\/span><\/p>\n<p><IMG src=\"\/inakicerrajeria\/wp-content\/uploads\/sites\/29\" id=\"img_0\" class=\"imgizqda\" width=\"609\" height=\"148\">\n <\/div>\n<!-- AddThis Advanced Settings generic via filter on the_content --><!-- AddThis Share Buttons generic via filter on the_content -->","protected":false},"excerpt":{"rendered":"<p>\u00bfPez en el agua o lagarto al sol? El dilema result\u00f3 bastante complicado para las decenas de ciudadanos que se acercaron ayer hasta el entorno del embalse de Ull\u00edbarri-Gamboa y la mayor\u00eda intent\u00f3 convertirse en un h\u00edbrido entre ambas especies. Y quienes decidieron darse un peque\u00f1o o largo chapuz\u00f3n pudieron hacerlo ya dentro de la [&hellip;]<!-- AddThis Advanced Settings generic via filter on get_the_excerpt --><!-- AddThis Share Buttons generic via filter on get_the_excerpt --><\/p>\n","protected":false},"author":41,"featured_media":0,"comment_status":"open","ping_status":"closed","sticky":false,"template":"","format":"standard","meta":[],"categories":[16],"tags":[833,1161,5132,6532,6539,6751],"_links":{"self":[{"href":"https:\/\/blogs.elcorreo.com\/inakicerrajeria\/wp-json\/wp\/v2\/posts\/579"}],"collection":[{"href":"https:\/\/blogs.elcorreo.com\/inakicerrajeria\/wp-json\/wp\/v2\/posts"}],"about":[{"href":"https:\/\/blogs.elcorreo.com\/inakicerrajeria\/wp-json\/wp\/v2\/types\/post"}],"author":[{"embeddable":true,"href":"https:\/\/blogs.elcorreo.com\/inakicerrajeria\/wp-json\/wp\/v2\/users\/41"}],"replies":[{"embeddable":true,"href":"https:\/\/blogs.elcorreo.com\/inakicerrajeria\/wp-json\/wp\/v2\/comments?post=579"}],"version-history":[{"count":0,"href":"https:\/\/blogs.elcorreo.com\/inakicerrajeria\/wp-json\/wp\/v2\/posts\/579\/revisions"}],"wp:attachment":[{"href":"https:\/\/blogs.elcorreo.com\/inakicerrajeria\/wp-json\/wp\/v2\/media?parent=579"}],"wp:term":[{"taxonomy":"category","embeddable":true,"href":"https:\/\/blogs.elcorreo.com\/inakicerrajeria\/wp-json\/wp\/v2\/categories?post=579"},{"taxonomy":"post_tag","embeddable":true,"href":"https:\/\/blogs.elcorreo.com\/inakicerrajeria\/wp-json\/wp\/v2\/tags?post=579"}],"curies":[{"name":"wp","href":"https:\/\/api.w.org\/{rel}","templated":true}]}}