{"id":578,"date":"2009-06-14T10:38:00","date_gmt":"2009-06-14T10:38:00","guid":{"rendered":"http:\/\/blogs.elcorreo.com\/inakicerrajeria\/?p=577"},"modified":"2009-06-14T10:38:00","modified_gmt":"2009-06-14T10:38:00","slug":"la-segunda-semana-ferroviaria-se-cierra-con-peticion-un","status":"publish","type":"post","link":"https:\/\/blogs.elcorreo.com\/inakicerrajeria\/2009\/06\/14\/la-segunda-semana-ferroviaria-se-cierra-con-peticion-un\/","title":{"rendered":"La Segunda Semana Ferroviaria se cierra con la petici\u00f3n de un espacio para el museo"},"content":{"rendered":"<div class=\"barhead\">\n<div class=\"ln\" id=\"story-entradilla\"> <\/div>\n<\/p><\/div>\n<div class=\"p\">El mundo del ferrocarril se ha hecho presente en el transcurso de la \u00faltima semana, todo ello gracias a la iniciativa de Julio Garc\u00eda. Conferencias, proyecciones y una comida de hermandad, la ya tradicional Olla Ferroviaria, han sido los puntos fuertes. A los que este a\u00f1o se ha unido tambi\u00e9n una exposici\u00f3n filat\u00e9lica sobre el mundo de los trenes que ayer ech\u00f3 el cierre. <A href=\"http:\/\/www.elcorreo.com\/alava\/20090614\/miranda\/segunda-semana-ferroviaria-cierra-20090614.html\" title=\"http:\/\/www.elcorreodigital.com\/alava\/20090614\/miranda\/segunda-semana-ferroviaria-cierra-20090614.html\" id=\"link_0\">(+info)<\/a><\/p>\n<p><span style=\"color:#3366ff\">Miranda<\/span><br \/>\n <IMG src=\"\/inakicerrajeria\/wp-content\/uploads\/sites\/29\" id=\"img_0\" class=\"imgizqda\" width=\"600\" height=\"143\"><\/div>\n<!-- AddThis Advanced Settings generic via filter on the_content --><!-- AddThis Share Buttons generic via filter on the_content -->","protected":false},"excerpt":{"rendered":"<p>El mundo del ferrocarril se ha hecho presente en el transcurso de la \u00faltima semana, todo ello gracias a la iniciativa de Julio Garc\u00eda. Conferencias, proyecciones y una comida de hermandad, la ya tradicional Olla Ferroviaria, han sido los puntos fuertes. A los que este a\u00f1o se ha unido tambi\u00e9n una exposici\u00f3n filat\u00e9lica sobre el [&hellip;]<!-- AddThis Advanced Settings generic via filter on get_the_excerpt --><!-- AddThis Share Buttons generic via filter on get_the_excerpt --><\/p>\n","protected":false},"author":41,"featured_media":0,"comment_status":"open","ping_status":"closed","sticky":false,"template":"","format":"standard","meta":[],"categories":[18],"tags":[1820,3579,4795,6946],"_links":{"self":[{"href":"https:\/\/blogs.elcorreo.com\/inakicerrajeria\/wp-json\/wp\/v2\/posts\/578"}],"collection":[{"href":"https:\/\/blogs.elcorreo.com\/inakicerrajeria\/wp-json\/wp\/v2\/posts"}],"about":[{"href":"https:\/\/blogs.elcorreo.com\/inakicerrajeria\/wp-json\/wp\/v2\/types\/post"}],"author":[{"embeddable":true,"href":"https:\/\/blogs.elcorreo.com\/inakicerrajeria\/wp-json\/wp\/v2\/users\/41"}],"replies":[{"embeddable":true,"href":"https:\/\/blogs.elcorreo.com\/inakicerrajeria\/wp-json\/wp\/v2\/comments?post=578"}],"version-history":[{"count":0,"href":"https:\/\/blogs.elcorreo.com\/inakicerrajeria\/wp-json\/wp\/v2\/posts\/578\/revisions"}],"wp:attachment":[{"href":"https:\/\/blogs.elcorreo.com\/inakicerrajeria\/wp-json\/wp\/v2\/media?parent=578"}],"wp:term":[{"taxonomy":"category","embeddable":true,"href":"https:\/\/blogs.elcorreo.com\/inakicerrajeria\/wp-json\/wp\/v2\/categories?post=578"},{"taxonomy":"post_tag","embeddable":true,"href":"https:\/\/blogs.elcorreo.com\/inakicerrajeria\/wp-json\/wp\/v2\/tags?post=578"}],"curies":[{"name":"wp","href":"https:\/\/api.w.org\/{rel}","templated":true}]}}