{"id":518,"date":"2009-05-21T11:07:00","date_gmt":"2009-05-21T11:07:00","guid":{"rendered":"http:\/\/blogs.elcorreo.com\/inakicerrajeria\/?p=518"},"modified":"2009-05-21T11:07:00","modified_gmt":"2009-05-21T11:07:00","slug":"la-n-1-pierde-trafico-primera-vez-15-anos-al-caer-la","status":"publish","type":"post","link":"https:\/\/blogs.elcorreo.com\/inakicerrajeria\/2009\/05\/21\/la-n-1-pierde-trafico-primera-vez-15-anos-al-caer-la\/","title":{"rendered":"La N-1 pierde tr\u00e1fico por primera vez en 15 a\u00f1os al caer la cifra de camiones por la crisis"},"content":{"rendered":"<div class=\"barhead\">\n<div class=\"ln\" id=\"story-entradilla\"> <\/div>\n<\/p><\/div>\n<div class=\"p\">Menos tr\u00e1fico. La Nacional 1, la columna vertebral de las comunicaciones viarias alavesas, cerr\u00f3 el \u00faltimo a\u00f1o en negativo y rompi\u00f3 as\u00ed una tendencia de crecimiento mantenida en las \u00faltimas d\u00e9cadas, que s\u00f3lo cay\u00f3 a principios de los a\u00f1os 90. \u00bfQu\u00e9 ocurri\u00f3 entonces? Lo mismo que ahora. La crisis econ\u00f3mica est\u00e1 descongestionando las principales carreteras del pa\u00eds (y \u00c1lava no es una excepci\u00f3n) como consecuencia, sobre todo, de la menor presencia de camiones. <A href=\"http:\/\/www.elcorreo.com\/alava\/20090521\/alava\/pierde-trafico-primera-anos-20090521.html\" title=\"http:\/\/www.elcorreodigital.com\/alava\/20090521\/alava\/pierde-trafico-primera-anos-20090521.html\" id=\"link_0\">(+info)<\/a><\/p>\n<p><span style=\"color:#ff0000\">\u00c1lava<\/span><\/p>\n<p><IMG src=\"\/inakicerrajeria\/files\/21-5-09blog.jpg\" id=\"img_0\" class=\"imgizqda\" width=\"594\" height=\"139\">\n <\/div>\n<!-- AddThis Advanced Settings generic via filter on the_content --><!-- AddThis Share Buttons generic via filter on the_content -->","protected":false},"excerpt":{"rendered":"<p>Menos tr\u00e1fico. La Nacional 1, la columna vertebral de las comunicaciones viarias alavesas, cerr\u00f3 el \u00faltimo a\u00f1o en negativo y rompi\u00f3 as\u00ed una tendencia de crecimiento mantenida en las \u00faltimas d\u00e9cadas, que s\u00f3lo cay\u00f3 a principios de los a\u00f1os 90. \u00bfQu\u00e9 ocurri\u00f3 entonces? Lo mismo que ahora. La crisis econ\u00f3mica est\u00e1 descongestionando las principales carreteras [&hellip;]<!-- AddThis Advanced Settings generic via filter on get_the_excerpt --><!-- AddThis Share Buttons generic via filter on get_the_excerpt --><\/p>\n","protected":false},"author":41,"featured_media":0,"comment_status":"open","ping_status":"closed","sticky":false,"template":"","format":"standard","meta":[],"categories":[16],"tags":[739,1188,1307,4814,6885],"_links":{"self":[{"href":"https:\/\/blogs.elcorreo.com\/inakicerrajeria\/wp-json\/wp\/v2\/posts\/518"}],"collection":[{"href":"https:\/\/blogs.elcorreo.com\/inakicerrajeria\/wp-json\/wp\/v2\/posts"}],"about":[{"href":"https:\/\/blogs.elcorreo.com\/inakicerrajeria\/wp-json\/wp\/v2\/types\/post"}],"author":[{"embeddable":true,"href":"https:\/\/blogs.elcorreo.com\/inakicerrajeria\/wp-json\/wp\/v2\/users\/41"}],"replies":[{"embeddable":true,"href":"https:\/\/blogs.elcorreo.com\/inakicerrajeria\/wp-json\/wp\/v2\/comments?post=518"}],"version-history":[{"count":0,"href":"https:\/\/blogs.elcorreo.com\/inakicerrajeria\/wp-json\/wp\/v2\/posts\/518\/revisions"}],"wp:attachment":[{"href":"https:\/\/blogs.elcorreo.com\/inakicerrajeria\/wp-json\/wp\/v2\/media?parent=518"}],"wp:term":[{"taxonomy":"category","embeddable":true,"href":"https:\/\/blogs.elcorreo.com\/inakicerrajeria\/wp-json\/wp\/v2\/categories?post=518"},{"taxonomy":"post_tag","embeddable":true,"href":"https:\/\/blogs.elcorreo.com\/inakicerrajeria\/wp-json\/wp\/v2\/tags?post=518"}],"curies":[{"name":"wp","href":"https:\/\/api.w.org\/{rel}","templated":true}]}}