{"id":498,"date":"2009-05-18T08:39:00","date_gmt":"2009-05-18T08:39:00","guid":{"rendered":"http:\/\/blogs.elcorreo.com\/inakicerrajeria\/?p=498"},"modified":"2009-05-18T08:39:00","modified_gmt":"2009-05-18T08:39:00","slug":"una-sonrisa-frente-al-espejo","status":"publish","type":"post","link":"https:\/\/blogs.elcorreo.com\/inakicerrajeria\/2009\/05\/18\/una-sonrisa-frente-al-espejo\/","title":{"rendered":"Una sonrisa frente al espejo"},"content":{"rendered":"<div class=\"barhead\">\n<div class=\"ln\" id=\"story-entradilla\"> <\/div>\n<\/p><\/div>\n<div class=\"p\">El Centro Sociocultural de Mayores volvi\u00f3 a poner ayer a prueba la solidaridad de los mirandeses con una actividad que ha venido celebr\u00e1ndose de manera ininterrumpida durante ocho a\u00f1os. El parque Antonio Machado fue el escenario elegido para una fiesta que, en esta ocasi\u00f3n, ten\u00eda como reto la recaudaci\u00f3n de fondos con destino a la asociaci\u00f3n de personas enfermas de fibromialgia (Ampaf), que la pasada semana celebr\u00f3 su d\u00eda internacional. Con 130 asociados y un apoyo institucional muy ajustado, este colectivo ser\u00e1 el que recibir\u00e1 los cerca de 800 euros que se recaudaron en una ma\u00f1ana en la que hab\u00eda que comprometerse con &#8216;sonre\u00edr&#8217; ante el espejo.<A href=\"http:\/\/www.elcorreo.com\/alava\/20090518\/miranda\/sonrisa-frente-espejo-20090518.html\" title=\"http:\/\/www.elcorreodigital.com\/alava\/20090518\/miranda\/sonrisa-frente-espejo-20090518.html\" id=\"link_0\">(+info)<\/a><\/p>\n<p><span style=\"color:#3333ff\">Miranda<\/span><\/p>\n<p><IMG src=\"\/inakicerrajeria\/files\/mir18-5-09blog.jpg\" id=\"img_0\" class=\"imgizqda\" width=\"603\" height=\"141\">\n <\/div>\n<!-- AddThis Advanced Settings generic via filter on the_content --><!-- AddThis Share Buttons generic via filter on the_content -->","protected":false},"excerpt":{"rendered":"<p>El Centro Sociocultural de Mayores volvi\u00f3 a poner ayer a prueba la solidaridad de los mirandeses con una actividad que ha venido celebr\u00e1ndose de manera ininterrumpida durante ocho a\u00f1os. El parque Antonio Machado fue el escenario elegido para una fiesta que, en esta ocasi\u00f3n, ten\u00eda como reto la recaudaci\u00f3n de fondos con destino a la [&hellip;]<!-- AddThis Advanced Settings generic via filter on get_the_excerpt --><!-- AddThis Share Buttons generic via filter on get_the_excerpt --><\/p>\n","protected":false},"author":41,"featured_media":0,"comment_status":"open","ping_status":"closed","sticky":false,"template":"","format":"standard","meta":[],"categories":[18],"tags":[1678,2867,4504,6560],"_links":{"self":[{"href":"https:\/\/blogs.elcorreo.com\/inakicerrajeria\/wp-json\/wp\/v2\/posts\/498"}],"collection":[{"href":"https:\/\/blogs.elcorreo.com\/inakicerrajeria\/wp-json\/wp\/v2\/posts"}],"about":[{"href":"https:\/\/blogs.elcorreo.com\/inakicerrajeria\/wp-json\/wp\/v2\/types\/post"}],"author":[{"embeddable":true,"href":"https:\/\/blogs.elcorreo.com\/inakicerrajeria\/wp-json\/wp\/v2\/users\/41"}],"replies":[{"embeddable":true,"href":"https:\/\/blogs.elcorreo.com\/inakicerrajeria\/wp-json\/wp\/v2\/comments?post=498"}],"version-history":[{"count":0,"href":"https:\/\/blogs.elcorreo.com\/inakicerrajeria\/wp-json\/wp\/v2\/posts\/498\/revisions"}],"wp:attachment":[{"href":"https:\/\/blogs.elcorreo.com\/inakicerrajeria\/wp-json\/wp\/v2\/media?parent=498"}],"wp:term":[{"taxonomy":"category","embeddable":true,"href":"https:\/\/blogs.elcorreo.com\/inakicerrajeria\/wp-json\/wp\/v2\/categories?post=498"},{"taxonomy":"post_tag","embeddable":true,"href":"https:\/\/blogs.elcorreo.com\/inakicerrajeria\/wp-json\/wp\/v2\/tags?post=498"}],"curies":[{"name":"wp","href":"https:\/\/api.w.org\/{rel}","templated":true}]}}