{"id":4219,"date":"2012-06-27T16:35:03","date_gmt":"2012-06-27T15:35:03","guid":{"rendered":"http:\/\/blogs.elcorreo.com\/inakicerrajeria\/?p=4219"},"modified":"2012-06-27T16:35:03","modified_gmt":"2012-06-27T15:35:03","slug":"heineken-aporta-un-millon-de-euros-y-se-convierte-en-el-primer-socio-de-la-green-capital","status":"publish","type":"post","link":"https:\/\/blogs.elcorreo.com\/inakicerrajeria\/2012\/06\/27\/heineken-aporta-un-millon-de-euros-y-se-convierte-en-el-primer-socio-de-la-green-capital\/","title":{"rendered":"Heineken aporta un mill\u00f3n de euros y se convierte en el primer socio de la Green Capital"},"content":{"rendered":"<p>&nbsp;<\/p>\n<h5><span style=\"color: #008000;\">Araba\/\u00c1lava<\/span><\/h5>\n<p><a href=\"\/inakicerrajeria\/wp-content\/uploads\/sites\/29\/2012\/06\/27-06-12blog.jpg\"><img loading=\"lazy\" class=\"alignnone size-large wp-image-4220\" title=\"27-06-12blog\" src=\"\/inakicerrajeria\/wp-content\/uploads\/sites\/29\/2012\/06\/27-06-12blog.jpg\" alt=\"\" width=\"601\" height=\"157\" srcset=\"https:\/\/blogs.elcorreo.com\/inakicerrajeria\/wp-content\/uploads\/sites\/29\/2012\/06\/27-06-12blog.jpg 1031w, https:\/\/blogs.elcorreo.com\/inakicerrajeria\/wp-content\/uploads\/sites\/29\/2012\/06\/27-06-12blog-300x78.jpg 300w, https:\/\/blogs.elcorreo.com\/inakicerrajeria\/wp-content\/uploads\/sites\/29\/2012\/06\/27-06-12blog-768x200.jpg 768w, https:\/\/blogs.elcorreo.com\/inakicerrajeria\/wp-content\/uploads\/sites\/29\/2012\/06\/27-06-12blog-1024x267.jpg 1024w\" sizes=\"(max-width: 601px) 100vw, 601px\" \/><\/a><\/p>\n<p>El alcalde de Vitoria, Javier Maroto, y el presidente ejecutivo de Heineken Espa\u00f1a, Richard Weissend, han suscrito un acuerdo de colaboraci\u00f3n por el que el Grupo Heineken Espa\u00f1a se convierte en el primer socio del programa Vitoria-Gasteiz European Green Capital 2012.<a href=\"http:\/\/www.elcorreo.com\/alava\/20120626\/local\/heineken-acoraza-green-capital-201206261249.html\"> (+)<br \/>\n<\/a><\/p>\n<p>&nbsp;<\/p>\n<p>&nbsp;<\/p>\n<!-- AddThis Advanced Settings generic via filter on the_content --><!-- AddThis Share Buttons generic via filter on the_content -->","protected":false},"excerpt":{"rendered":"<p>&nbsp; Araba\/\u00c1lava El alcalde de Vitoria, Javier Maroto, y el presidente ejecutivo de Heineken Espa\u00f1a, Richard Weissend, han suscrito un acuerdo de colaboraci\u00f3n por el que el Grupo Heineken Espa\u00f1a se convierte en el primer socio del programa Vitoria-Gasteiz European Green Capital 2012. (+) &nbsp; &nbsp;<!-- AddThis Advanced Settings generic via filter on get_the_excerpt --><!-- AddThis Share Buttons generic via filter on get_the_excerpt --><\/p>\n","protected":false},"author":41,"featured_media":0,"comment_status":"open","ping_status":"closed","sticky":false,"template":"","format":"standard","meta":[],"categories":[12,16],"tags":[1253,1464,5235],"_links":{"self":[{"href":"https:\/\/blogs.elcorreo.com\/inakicerrajeria\/wp-json\/wp\/v2\/posts\/4219"}],"collection":[{"href":"https:\/\/blogs.elcorreo.com\/inakicerrajeria\/wp-json\/wp\/v2\/posts"}],"about":[{"href":"https:\/\/blogs.elcorreo.com\/inakicerrajeria\/wp-json\/wp\/v2\/types\/post"}],"author":[{"embeddable":true,"href":"https:\/\/blogs.elcorreo.com\/inakicerrajeria\/wp-json\/wp\/v2\/users\/41"}],"replies":[{"embeddable":true,"href":"https:\/\/blogs.elcorreo.com\/inakicerrajeria\/wp-json\/wp\/v2\/comments?post=4219"}],"version-history":[{"count":0,"href":"https:\/\/blogs.elcorreo.com\/inakicerrajeria\/wp-json\/wp\/v2\/posts\/4219\/revisions"}],"wp:attachment":[{"href":"https:\/\/blogs.elcorreo.com\/inakicerrajeria\/wp-json\/wp\/v2\/media?parent=4219"}],"wp:term":[{"taxonomy":"category","embeddable":true,"href":"https:\/\/blogs.elcorreo.com\/inakicerrajeria\/wp-json\/wp\/v2\/categories?post=4219"},{"taxonomy":"post_tag","embeddable":true,"href":"https:\/\/blogs.elcorreo.com\/inakicerrajeria\/wp-json\/wp\/v2\/tags?post=4219"}],"curies":[{"name":"wp","href":"https:\/\/api.w.org\/{rel}","templated":true}]}}