{"id":4216,"date":"2012-06-27T16:28:33","date_gmt":"2012-06-27T15:28:33","guid":{"rendered":"http:\/\/blogs.elcorreo.com\/inakicerrajeria\/?p=4216"},"modified":"2012-06-27T16:28:33","modified_gmt":"2012-06-27T15:28:33","slug":"pagar-el-33-en-el-conservatorio-duplicaria-la-subida-actual-de-tasas","status":"publish","type":"post","link":"https:\/\/blogs.elcorreo.com\/inakicerrajeria\/2012\/06\/27\/pagar-el-33-en-el-conservatorio-duplicaria-la-subida-actual-de-tasas\/","title":{"rendered":"Pagar el 33% en el Conservatorio duplicar\u00eda la subida actual de tasas"},"content":{"rendered":"<p>&nbsp;<\/p>\n<h5><span style=\"color: #0000ff;\">Miranda<\/span><\/h5>\n<p><a href=\"\/inakicerrajeria\/wp-content\/uploads\/sites\/29\/2012\/06\/mir27-06-12blog.jpg\"><img loading=\"lazy\" class=\"alignnone size-large wp-image-4217\" title=\"mir27-06-12blog\" src=\"\/inakicerrajeria\/wp-content\/uploads\/sites\/29\/2012\/06\/mir27-06-12blog.jpg\" alt=\"\" width=\"599\" height=\"156\" srcset=\"https:\/\/blogs.elcorreo.com\/inakicerrajeria\/wp-content\/uploads\/sites\/29\/2012\/06\/mir27-06-12blog.jpg 1031w, https:\/\/blogs.elcorreo.com\/inakicerrajeria\/wp-content\/uploads\/sites\/29\/2012\/06\/mir27-06-12blog-300x78.jpg 300w, https:\/\/blogs.elcorreo.com\/inakicerrajeria\/wp-content\/uploads\/sites\/29\/2012\/06\/mir27-06-12blog-768x200.jpg 768w, https:\/\/blogs.elcorreo.com\/inakicerrajeria\/wp-content\/uploads\/sites\/29\/2012\/06\/mir27-06-12blog-1024x267.jpg 1024w\" sizes=\"(max-width: 599px) 100vw, 599px\" \/><\/a><\/p>\n<p>Una carta para neutralizar las cr\u00edticas al incremento de las tasas del Conservatorio y la Escuela Infantil de M\u00fasica. Ese es el instrumento que ha utilizado la concejala de Cultura, Mar\u00eda \u00c1ngeles Rocandio, para intentar desmontar los argumentos de los 18 profesores que proponen otras opciones alternativas a la subida progresiva (hasta 2022) del precio de las matr\u00edculas.\u00a0 <a href=\"http:\/\/www.elcorreo.com\/alava\/v\/20120627\/miranda\/pagar-conservatorio-duplicaria-subida-20120627.html\" rel=\"external nofollow\">(+)<\/a><\/p>\n<!-- AddThis Advanced Settings generic via filter on the_content --><!-- AddThis Share Buttons generic via filter on the_content -->","protected":false},"excerpt":{"rendered":"<p>&nbsp; Miranda Una carta para neutralizar las cr\u00edticas al incremento de las tasas del Conservatorio y la Escuela Infantil de M\u00fasica. Ese es el instrumento que ha utilizado la concejala de Cultura, Mar\u00eda \u00c1ngeles Rocandio, para intentar desmontar los argumentos de los 18 profesores que proponen otras opciones alternativas a la subida progresiva (hasta 2022) [&hellip;]<!-- AddThis Advanced Settings generic via filter on get_the_excerpt --><!-- AddThis Share Buttons generic via filter on get_the_excerpt --><\/p>\n","protected":false},"author":41,"featured_media":0,"comment_status":"open","ping_status":"closed","sticky":false,"template":"","format":"standard","meta":[],"categories":[18],"tags":[1849,2024,4799],"_links":{"self":[{"href":"https:\/\/blogs.elcorreo.com\/inakicerrajeria\/wp-json\/wp\/v2\/posts\/4216"}],"collection":[{"href":"https:\/\/blogs.elcorreo.com\/inakicerrajeria\/wp-json\/wp\/v2\/posts"}],"about":[{"href":"https:\/\/blogs.elcorreo.com\/inakicerrajeria\/wp-json\/wp\/v2\/types\/post"}],"author":[{"embeddable":true,"href":"https:\/\/blogs.elcorreo.com\/inakicerrajeria\/wp-json\/wp\/v2\/users\/41"}],"replies":[{"embeddable":true,"href":"https:\/\/blogs.elcorreo.com\/inakicerrajeria\/wp-json\/wp\/v2\/comments?post=4216"}],"version-history":[{"count":0,"href":"https:\/\/blogs.elcorreo.com\/inakicerrajeria\/wp-json\/wp\/v2\/posts\/4216\/revisions"}],"wp:attachment":[{"href":"https:\/\/blogs.elcorreo.com\/inakicerrajeria\/wp-json\/wp\/v2\/media?parent=4216"}],"wp:term":[{"taxonomy":"category","embeddable":true,"href":"https:\/\/blogs.elcorreo.com\/inakicerrajeria\/wp-json\/wp\/v2\/categories?post=4216"},{"taxonomy":"post_tag","embeddable":true,"href":"https:\/\/blogs.elcorreo.com\/inakicerrajeria\/wp-json\/wp\/v2\/tags?post=4216"}],"curies":[{"name":"wp","href":"https:\/\/api.w.org\/{rel}","templated":true}]}}