{"id":3867,"date":"2012-04-30T11:03:40","date_gmt":"2012-04-30T10:03:40","guid":{"rendered":"http:\/\/blogs.elcorreo.com\/inakicerrajeria\/?p=3867"},"modified":"2012-04-30T11:03:40","modified_gmt":"2012-04-30T10:03:40","slug":"el-alaves-sigue-a-tres-puntos","status":"publish","type":"post","link":"https:\/\/blogs.elcorreo.com\/inakicerrajeria\/2012\/04\/30\/el-alaves-sigue-a-tres-puntos\/","title":{"rendered":"El Alav\u00e9s sigue a tres puntos"},"content":{"rendered":"<p>&nbsp;<\/p>\n<h5><span style=\"color: #ff0000;\">PONFERRADINA 1-ALAVES 1<\/span><\/h5>\n<p><a href=\"\/inakicerrajeria\/wp-content\/uploads\/sites\/29\/2012\/04\/ponfe-1-ala1-30-04-12blog.jpg\"><img loading=\"lazy\" class=\"alignnone size-full wp-image-3868\" title=\"ponfe 1- ala1 30-04-12blog\" src=\"\/inakicerrajeria\/wp-content\/uploads\/sites\/29\/2012\/04\/ponfe-1-ala1-30-04-12blog.jpg\" alt=\"\" width=\"599\" height=\"269\" srcset=\"https:\/\/blogs.elcorreo.com\/inakicerrajeria\/wp-content\/uploads\/sites\/29\/2012\/04\/ponfe-1-ala1-30-04-12blog.jpg 928w, https:\/\/blogs.elcorreo.com\/inakicerrajeria\/wp-content\/uploads\/sites\/29\/2012\/04\/ponfe-1-ala1-30-04-12blog-300x135.jpg 300w, https:\/\/blogs.elcorreo.com\/inakicerrajeria\/wp-content\/uploads\/sites\/29\/2012\/04\/ponfe-1-ala1-30-04-12blog-768x345.jpg 768w\" sizes=\"(max-width: 599px) 100vw, 599px\" \/><\/a><\/p>\n<p>El conjunto albiazul, en un encuentro con dos partes muy diferenciadas, dej\u00f3 escapar la opci\u00f3n de sentenciar en sus mejores minutos, despu\u00e9s del 0-1 marcado a los veinte minutos en una falta lanzada por Salcedo, y acab\u00f3 el encuentro pr\u00e1cticamente en su \u00e1rea para evitar una derrota que hubiera significado el definitivo adi\u00f3s a sus opciones.\u00a0<a href=\"http:\/\/alaves.elcorreo.com\/noticias\/2012-04-30\/alaves-sigue-tres-puntos-201204292146.html\" rel=\"external nofollow\"> (+)<\/a><\/p>\n<!-- AddThis Advanced Settings generic via filter on the_content --><!-- AddThis Share Buttons generic via filter on the_content -->","protected":false},"excerpt":{"rendered":"<p>&nbsp; PONFERRADINA 1-ALAVES 1 El conjunto albiazul, en un encuentro con dos partes muy diferenciadas, dej\u00f3 escapar la opci\u00f3n de sentenciar en sus mejores minutos, despu\u00e9s del 0-1 marcado a los veinte minutos en una falta lanzada por Salcedo, y acab\u00f3 el encuentro pr\u00e1cticamente en su \u00e1rea para evitar una derrota que hubiera significado el [&hellip;]<!-- AddThis Advanced Settings generic via filter on get_the_excerpt --><!-- AddThis Share Buttons generic via filter on get_the_excerpt --><\/p>\n","protected":false},"author":41,"featured_media":0,"comment_status":"open","ping_status":"closed","sticky":false,"template":"","format":"standard","meta":[],"categories":[11],"tags":[1047,2647,2678,5547],"_links":{"self":[{"href":"https:\/\/blogs.elcorreo.com\/inakicerrajeria\/wp-json\/wp\/v2\/posts\/3867"}],"collection":[{"href":"https:\/\/blogs.elcorreo.com\/inakicerrajeria\/wp-json\/wp\/v2\/posts"}],"about":[{"href":"https:\/\/blogs.elcorreo.com\/inakicerrajeria\/wp-json\/wp\/v2\/types\/post"}],"author":[{"embeddable":true,"href":"https:\/\/blogs.elcorreo.com\/inakicerrajeria\/wp-json\/wp\/v2\/users\/41"}],"replies":[{"embeddable":true,"href":"https:\/\/blogs.elcorreo.com\/inakicerrajeria\/wp-json\/wp\/v2\/comments?post=3867"}],"version-history":[{"count":0,"href":"https:\/\/blogs.elcorreo.com\/inakicerrajeria\/wp-json\/wp\/v2\/posts\/3867\/revisions"}],"wp:attachment":[{"href":"https:\/\/blogs.elcorreo.com\/inakicerrajeria\/wp-json\/wp\/v2\/media?parent=3867"}],"wp:term":[{"taxonomy":"category","embeddable":true,"href":"https:\/\/blogs.elcorreo.com\/inakicerrajeria\/wp-json\/wp\/v2\/categories?post=3867"},{"taxonomy":"post_tag","embeddable":true,"href":"https:\/\/blogs.elcorreo.com\/inakicerrajeria\/wp-json\/wp\/v2\/tags?post=3867"}],"curies":[{"name":"wp","href":"https:\/\/api.w.org\/{rel}","templated":true}]}}