{"id":3841,"date":"2012-04-26T09:00:49","date_gmt":"2012-04-26T08:00:49","guid":{"rendered":"http:\/\/blogs.elcorreo.com\/inakicerrajeria\/?p=3841"},"modified":"2012-04-26T09:00:49","modified_gmt":"2012-04-26T08:00:49","slug":"maroto-debera-presentar-el-presupuesto-antes-del-6-de-mayo-si-no-prospera-su-recurso","status":"publish","type":"post","link":"https:\/\/blogs.elcorreo.com\/inakicerrajeria\/2012\/04\/26\/maroto-debera-presentar-el-presupuesto-antes-del-6-de-mayo-si-no-prospera-su-recurso\/","title":{"rendered":"Maroto deber\u00e1 presentar el presupuesto antes del 6 de mayo si no prospera su recurso"},"content":{"rendered":"<p>&nbsp;<\/p>\n<h5><span style=\"color: #008000;\">\u00c1lava\/Araba<\/span><\/h5>\n<p><a href=\"\/inakicerrajeria\/wp-content\/uploads\/sites\/29\/2012\/04\/26-04-12blog.jpg\"><img loading=\"lazy\" class=\"alignnone size-large wp-image-3842\" title=\"26-04-12blog\" src=\"\/inakicerrajeria\/wp-content\/uploads\/sites\/29\/2012\/04\/26-04-12blog.jpg\" alt=\"\" width=\"599\" height=\"156\" srcset=\"https:\/\/blogs.elcorreo.com\/inakicerrajeria\/wp-content\/uploads\/sites\/29\/2012\/04\/26-04-12blog.jpg 1031w, https:\/\/blogs.elcorreo.com\/inakicerrajeria\/wp-content\/uploads\/sites\/29\/2012\/04\/26-04-12blog-300x78.jpg 300w, https:\/\/blogs.elcorreo.com\/inakicerrajeria\/wp-content\/uploads\/sites\/29\/2012\/04\/26-04-12blog-768x200.jpg 768w, https:\/\/blogs.elcorreo.com\/inakicerrajeria\/wp-content\/uploads\/sites\/29\/2012\/04\/26-04-12blog-1024x267.jpg 1024w\" sizes=\"(max-width: 599px) 100vw, 599px\" \/><\/a><\/p>\n<p>El pen\u00faltimo encontronazo de la pol\u00edtica alavesa se dirimir\u00e1 en un tribunal. El Gobierno municipal conf\u00eda en que la Justicia suspenda de forma cautelar la norma foral que le obliga a debatir el proyecto de Cuentas (+info. en el papel)<\/p>\n<!-- AddThis Advanced Settings generic via filter on the_content --><!-- AddThis Share Buttons generic via filter on the_content -->","protected":false},"excerpt":{"rendered":"<p>&nbsp; \u00c1lava\/Araba El pen\u00faltimo encontronazo de la pol\u00edtica alavesa se dirimir\u00e1 en un tribunal. El Gobierno municipal conf\u00eda en que la Justicia suspenda de forma cautelar la norma foral que le obliga a debatir el proyecto de Cuentas (+info. en el papel)<!-- AddThis Advanced Settings generic via filter on get_the_excerpt --><!-- AddThis Share Buttons generic via filter on get_the_excerpt --><\/p>\n","protected":false},"author":41,"featured_media":0,"comment_status":"open","ping_status":"closed","sticky":false,"template":"","format":"standard","meta":[],"categories":[16],"tags":[286,4074,4089,5645],"_links":{"self":[{"href":"https:\/\/blogs.elcorreo.com\/inakicerrajeria\/wp-json\/wp\/v2\/posts\/3841"}],"collection":[{"href":"https:\/\/blogs.elcorreo.com\/inakicerrajeria\/wp-json\/wp\/v2\/posts"}],"about":[{"href":"https:\/\/blogs.elcorreo.com\/inakicerrajeria\/wp-json\/wp\/v2\/types\/post"}],"author":[{"embeddable":true,"href":"https:\/\/blogs.elcorreo.com\/inakicerrajeria\/wp-json\/wp\/v2\/users\/41"}],"replies":[{"embeddable":true,"href":"https:\/\/blogs.elcorreo.com\/inakicerrajeria\/wp-json\/wp\/v2\/comments?post=3841"}],"version-history":[{"count":0,"href":"https:\/\/blogs.elcorreo.com\/inakicerrajeria\/wp-json\/wp\/v2\/posts\/3841\/revisions"}],"wp:attachment":[{"href":"https:\/\/blogs.elcorreo.com\/inakicerrajeria\/wp-json\/wp\/v2\/media?parent=3841"}],"wp:term":[{"taxonomy":"category","embeddable":true,"href":"https:\/\/blogs.elcorreo.com\/inakicerrajeria\/wp-json\/wp\/v2\/categories?post=3841"},{"taxonomy":"post_tag","embeddable":true,"href":"https:\/\/blogs.elcorreo.com\/inakicerrajeria\/wp-json\/wp\/v2\/tags?post=3841"}],"curies":[{"name":"wp","href":"https:\/\/api.w.org\/{rel}","templated":true}]}}