{"id":3838,"date":"2012-04-26T08:55:10","date_gmt":"2012-04-26T07:55:10","guid":{"rendered":"http:\/\/blogs.elcorreo.com\/inakicerrajeria\/?p=3838"},"modified":"2012-04-26T08:55:10","modified_gmt":"2012-04-26T07:55:10","slug":"la-segunda-fase-de-la-recuperacion-del-castillo-comenzara-en-mayo-y-concluiran-en-seis-meses","status":"publish","type":"post","link":"https:\/\/blogs.elcorreo.com\/inakicerrajeria\/2012\/04\/26\/la-segunda-fase-de-la-recuperacion-del-castillo-comenzara-en-mayo-y-concluiran-en-seis-meses\/","title":{"rendered":"La segunda fase de la recuperaci\u00f3n del castillo comenzar\u00e1 en mayo y concluir\u00e1n en seis meses"},"content":{"rendered":"<p>&nbsp;<\/p>\n<h5><span style=\"color: #0000ff;\">Miranda<\/span><\/h5>\n<p><a href=\"\/inakicerrajeria\/wp-content\/uploads\/sites\/29\/2012\/04\/mir26-04-12blog.jpg\"><img loading=\"lazy\" class=\"alignnone size-large wp-image-3839\" title=\"mir26-04-12blog\" src=\"\/inakicerrajeria\/wp-content\/uploads\/sites\/29\/2012\/04\/mir26-04-12blog.jpg\" alt=\"\" width=\"602\" height=\"157\" srcset=\"https:\/\/blogs.elcorreo.com\/inakicerrajeria\/wp-content\/uploads\/sites\/29\/2012\/04\/mir26-04-12blog.jpg 1031w, https:\/\/blogs.elcorreo.com\/inakicerrajeria\/wp-content\/uploads\/sites\/29\/2012\/04\/mir26-04-12blog-300x78.jpg 300w, https:\/\/blogs.elcorreo.com\/inakicerrajeria\/wp-content\/uploads\/sites\/29\/2012\/04\/mir26-04-12blog-768x200.jpg 768w, https:\/\/blogs.elcorreo.com\/inakicerrajeria\/wp-content\/uploads\/sites\/29\/2012\/04\/mir26-04-12blog-1024x267.jpg 1024w\" sizes=\"(max-width: 602px) 100vw, 602px\" \/><\/a><\/p>\n<p>Antes de que acabe 2012 es cuando Miranda podr\u00e1 ver recuperado en su totalidad el castillo. De hacer realidad la segunda fase de las obras se encargar\u00e1 la misma empresa (T\u00e9cnicas para Restauraci\u00f3n y Construcciones S.A. Trycsa), que est\u00e1 a punto de dar por terminados los trabajos enmarcados dentro de la primera fase.<a href=\"http:\/\/www.elcorreo.com\/alava\/v\/20120426\/miranda\/segunda-fase-recuperacion-castillo-20120426.html\" rel=\"external nofollow\"> (+)<\/a><\/p>\n<!-- AddThis Advanced Settings generic via filter on the_content --><!-- AddThis Share Buttons generic via filter on the_content -->","protected":false},"excerpt":{"rendered":"<p>&nbsp; Miranda Antes de que acabe 2012 es cuando Miranda podr\u00e1 ver recuperado en su totalidad el castillo. De hacer realidad la segunda fase de las obras se encargar\u00e1 la misma empresa (T\u00e9cnicas para Restauraci\u00f3n y Construcciones S.A. Trycsa), que est\u00e1 a punto de dar por terminados los trabajos enmarcados dentro de la primera fase. [&hellip;]<!-- AddThis Advanced Settings generic via filter on get_the_excerpt --><!-- AddThis Share Buttons generic via filter on get_the_excerpt --><\/p>\n","protected":false},"author":41,"featured_media":0,"comment_status":"open","ping_status":"closed","sticky":false,"template":"","format":"standard","meta":[],"categories":[18],"tags":[1363,3082,5946],"_links":{"self":[{"href":"https:\/\/blogs.elcorreo.com\/inakicerrajeria\/wp-json\/wp\/v2\/posts\/3838"}],"collection":[{"href":"https:\/\/blogs.elcorreo.com\/inakicerrajeria\/wp-json\/wp\/v2\/posts"}],"about":[{"href":"https:\/\/blogs.elcorreo.com\/inakicerrajeria\/wp-json\/wp\/v2\/types\/post"}],"author":[{"embeddable":true,"href":"https:\/\/blogs.elcorreo.com\/inakicerrajeria\/wp-json\/wp\/v2\/users\/41"}],"replies":[{"embeddable":true,"href":"https:\/\/blogs.elcorreo.com\/inakicerrajeria\/wp-json\/wp\/v2\/comments?post=3838"}],"version-history":[{"count":0,"href":"https:\/\/blogs.elcorreo.com\/inakicerrajeria\/wp-json\/wp\/v2\/posts\/3838\/revisions"}],"wp:attachment":[{"href":"https:\/\/blogs.elcorreo.com\/inakicerrajeria\/wp-json\/wp\/v2\/media?parent=3838"}],"wp:term":[{"taxonomy":"category","embeddable":true,"href":"https:\/\/blogs.elcorreo.com\/inakicerrajeria\/wp-json\/wp\/v2\/categories?post=3838"},{"taxonomy":"post_tag","embeddable":true,"href":"https:\/\/blogs.elcorreo.com\/inakicerrajeria\/wp-json\/wp\/v2\/tags?post=3838"}],"curies":[{"name":"wp","href":"https:\/\/api.w.org\/{rel}","templated":true}]}}