{"id":3816,"date":"2012-04-22T10:01:10","date_gmt":"2012-04-22T09:01:10","guid":{"rendered":"http:\/\/blogs.elcorreo.com\/inakicerrajeria\/?p=3816"},"modified":"2012-04-22T10:01:10","modified_gmt":"2012-04-22T09:01:10","slug":"la-ciudad-a-todo-tren","status":"publish","type":"post","link":"https:\/\/blogs.elcorreo.com\/inakicerrajeria\/2012\/04\/22\/la-ciudad-a-todo-tren\/","title":{"rendered":"La ciudad a todo tren"},"content":{"rendered":"<p>&nbsp;<\/p>\n<h5><span style=\"color: #0000ff;\">Miranda<\/span><\/h5>\n<p><a href=\"\/inakicerrajeria\/wp-content\/uploads\/sites\/29\/2012\/04\/mir22-04-12blog.jpg\"><img loading=\"lazy\" class=\"alignnone size-large wp-image-3817\" title=\"mir22-04-12blog\" src=\"\/inakicerrajeria\/wp-content\/uploads\/sites\/29\/2012\/04\/mir22-04-12blog.jpg\" alt=\"\" width=\"600\" height=\"154\" srcset=\"https:\/\/blogs.elcorreo.com\/inakicerrajeria\/wp-content\/uploads\/sites\/29\/2012\/04\/mir22-04-12blog.jpg 1031w, https:\/\/blogs.elcorreo.com\/inakicerrajeria\/wp-content\/uploads\/sites\/29\/2012\/04\/mir22-04-12blog-300x77.jpg 300w, https:\/\/blogs.elcorreo.com\/inakicerrajeria\/wp-content\/uploads\/sites\/29\/2012\/04\/mir22-04-12blog-768x197.jpg 768w, https:\/\/blogs.elcorreo.com\/inakicerrajeria\/wp-content\/uploads\/sites\/29\/2012\/04\/mir22-04-12blog-1024x263.jpg 1024w\" sizes=\"(max-width: 600px) 100vw, 600px\" \/><\/a><\/p>\n<p>El Encuentro Ib\u00e9rico de Maquetas, hace incluso m\u00e1s patente que para peque\u00f1os y mayores todo lo que tenga que ver con ra\u00edles, vagones, composiciones o estaciones atrae no s\u00f3lo al p\u00fablico de todas las edades. <a href=\"http:\/\/www.elcorreo.com\/alava\/v\/20120422\/miranda\/ciudad-todo-tren-20120422.html\" rel=\"external nofollow\">(+)<\/a><\/p>\n<p>&nbsp;<\/p>\n<!-- AddThis Advanced Settings generic via filter on the_content --><!-- AddThis Share Buttons generic via filter on the_content -->","protected":false},"excerpt":{"rendered":"<p>&nbsp; Miranda El Encuentro Ib\u00e9rico de Maquetas, hace incluso m\u00e1s patente que para peque\u00f1os y mayores todo lo que tenga que ver con ra\u00edles, vagones, composiciones o estaciones atrae no s\u00f3lo al p\u00fablico de todas las edades. (+) &nbsp;<!-- AddThis Advanced Settings generic via filter on get_the_excerpt --><!-- AddThis Share Buttons generic via filter on get_the_excerpt --><\/p>\n","protected":false},"author":41,"featured_media":0,"comment_status":"open","ping_status":"closed","sticky":false,"template":"","format":"standard","meta":[],"categories":[18],"tags":[3110,4444,6943],"_links":{"self":[{"href":"https:\/\/blogs.elcorreo.com\/inakicerrajeria\/wp-json\/wp\/v2\/posts\/3816"}],"collection":[{"href":"https:\/\/blogs.elcorreo.com\/inakicerrajeria\/wp-json\/wp\/v2\/posts"}],"about":[{"href":"https:\/\/blogs.elcorreo.com\/inakicerrajeria\/wp-json\/wp\/v2\/types\/post"}],"author":[{"embeddable":true,"href":"https:\/\/blogs.elcorreo.com\/inakicerrajeria\/wp-json\/wp\/v2\/users\/41"}],"replies":[{"embeddable":true,"href":"https:\/\/blogs.elcorreo.com\/inakicerrajeria\/wp-json\/wp\/v2\/comments?post=3816"}],"version-history":[{"count":0,"href":"https:\/\/blogs.elcorreo.com\/inakicerrajeria\/wp-json\/wp\/v2\/posts\/3816\/revisions"}],"wp:attachment":[{"href":"https:\/\/blogs.elcorreo.com\/inakicerrajeria\/wp-json\/wp\/v2\/media?parent=3816"}],"wp:term":[{"taxonomy":"category","embeddable":true,"href":"https:\/\/blogs.elcorreo.com\/inakicerrajeria\/wp-json\/wp\/v2\/categories?post=3816"},{"taxonomy":"post_tag","embeddable":true,"href":"https:\/\/blogs.elcorreo.com\/inakicerrajeria\/wp-json\/wp\/v2\/tags?post=3816"}],"curies":[{"name":"wp","href":"https:\/\/api.w.org\/{rel}","templated":true}]}}