{"id":3752,"date":"2012-04-09T10:21:34","date_gmt":"2012-04-09T09:21:34","guid":{"rendered":"http:\/\/blogs.elcorreo.com\/inakicerrajeria\/?p=3752"},"modified":"2012-04-09T10:21:34","modified_gmt":"2012-04-09T09:21:34","slug":"marta-garaulet-dejar-de-fumar-es-cuestion-de-voluntad-adelgazar-de-equilibrio","status":"publish","type":"post","link":"https:\/\/blogs.elcorreo.com\/inakicerrajeria\/2012\/04\/09\/marta-garaulet-dejar-de-fumar-es-cuestion-de-voluntad-adelgazar-de-equilibrio\/","title":{"rendered":"Marta Garaulet: \u00abDejar de fumar es cuesti\u00f3n de voluntad; adelgazar, de equilibrio\u00bb"},"content":{"rendered":"<p>&nbsp;<\/p>\n<h5><span style=\"color: #008000;\">Araba\/\u00c1lava<\/span><\/h5>\n<p><a href=\"\/inakicerrajeria\/wp-content\/uploads\/sites\/29\/2012\/04\/09-04-12blog.jpg\"><img loading=\"lazy\" class=\"alignnone size-large wp-image-3753\" title=\"09-04-12blog\" src=\"\/inakicerrajeria\/wp-content\/uploads\/sites\/29\/2012\/04\/09-04-12blog.jpg\" alt=\"\" width=\"600\" height=\"154\" srcset=\"https:\/\/blogs.elcorreo.com\/inakicerrajeria\/wp-content\/uploads\/sites\/29\/2012\/04\/09-04-12blog.jpg 1031w, https:\/\/blogs.elcorreo.com\/inakicerrajeria\/wp-content\/uploads\/sites\/29\/2012\/04\/09-04-12blog-300x77.jpg 300w, https:\/\/blogs.elcorreo.com\/inakicerrajeria\/wp-content\/uploads\/sites\/29\/2012\/04\/09-04-12blog-768x197.jpg 768w, https:\/\/blogs.elcorreo.com\/inakicerrajeria\/wp-content\/uploads\/sites\/29\/2012\/04\/09-04-12blog-1024x263.jpg 1024w\" sizes=\"(max-width: 600px) 100vw, 600px\" \/><\/a><\/p>\n<p>Catedr\u00e1tica de Fisiolog\u00eda, farmac\u00e9utica y nutricionista, Marta Garaulet ha dado recientemente una conferencia en la Facultad de Farmacia de Vitoria, donde dirige tambi\u00e9n un m\u00e1ster. <a href=\"http:\/\/www.elcorreo.com\/alava\/v\/20120409\/alava\/marta-garaulet-dejar-fumar-20120409.html\" rel=\"external nofollow\">(+)<\/a><\/p>\n<!-- AddThis Advanced Settings generic via filter on the_content --><!-- AddThis Share Buttons generic via filter on the_content -->","protected":false},"excerpt":{"rendered":"<p>&nbsp; Araba\/\u00c1lava Catedr\u00e1tica de Fisiolog\u00eda, farmac\u00e9utica y nutricionista, Marta Garaulet ha dado recientemente una conferencia en la Facultad de Farmacia de Vitoria, donde dirige tambi\u00e9n un m\u00e1ster. (+)<!-- AddThis Advanced Settings generic via filter on get_the_excerpt --><!-- AddThis Share Buttons generic via filter on get_the_excerpt --><\/p>\n","protected":false},"author":41,"featured_media":0,"comment_status":"open","ping_status":"closed","sticky":false,"template":"","format":"standard","meta":[],"categories":[16],"tags":[159,2386],"_links":{"self":[{"href":"https:\/\/blogs.elcorreo.com\/inakicerrajeria\/wp-json\/wp\/v2\/posts\/3752"}],"collection":[{"href":"https:\/\/blogs.elcorreo.com\/inakicerrajeria\/wp-json\/wp\/v2\/posts"}],"about":[{"href":"https:\/\/blogs.elcorreo.com\/inakicerrajeria\/wp-json\/wp\/v2\/types\/post"}],"author":[{"embeddable":true,"href":"https:\/\/blogs.elcorreo.com\/inakicerrajeria\/wp-json\/wp\/v2\/users\/41"}],"replies":[{"embeddable":true,"href":"https:\/\/blogs.elcorreo.com\/inakicerrajeria\/wp-json\/wp\/v2\/comments?post=3752"}],"version-history":[{"count":0,"href":"https:\/\/blogs.elcorreo.com\/inakicerrajeria\/wp-json\/wp\/v2\/posts\/3752\/revisions"}],"wp:attachment":[{"href":"https:\/\/blogs.elcorreo.com\/inakicerrajeria\/wp-json\/wp\/v2\/media?parent=3752"}],"wp:term":[{"taxonomy":"category","embeddable":true,"href":"https:\/\/blogs.elcorreo.com\/inakicerrajeria\/wp-json\/wp\/v2\/categories?post=3752"},{"taxonomy":"post_tag","embeddable":true,"href":"https:\/\/blogs.elcorreo.com\/inakicerrajeria\/wp-json\/wp\/v2\/tags?post=3752"}],"curies":[{"name":"wp","href":"https:\/\/api.w.org\/{rel}","templated":true}]}}