{"id":3750,"date":"2012-04-09T10:19:03","date_gmt":"2012-04-09T09:19:03","guid":{"rendered":"http:\/\/blogs.elcorreo.com\/inakicerrajeria\/?p=3750"},"modified":"2012-04-09T10:19:03","modified_gmt":"2012-04-09T09:19:03","slug":"arraigo-y-tradicion-a-orillas-del-ebro","status":"publish","type":"post","link":"https:\/\/blogs.elcorreo.com\/inakicerrajeria\/2012\/04\/09\/arraigo-y-tradicion-a-orillas-del-ebro\/","title":{"rendered":"Arraigo y tradici\u00f3n a orillas del Ebro"},"content":{"rendered":"<p>&nbsp;<\/p>\n<h5><span style=\"color: #0000ff;\">MIRANDA<\/span><\/h5>\n<p><a href=\"\/inakicerrajeria\/wp-content\/uploads\/sites\/29\/2012\/04\/mir09-04-12blog.jpg\"><img loading=\"lazy\" class=\"alignnone size-large wp-image-3751\" title=\"mir09-04-12blog\" src=\"\/inakicerrajeria\/wp-content\/uploads\/sites\/29\/2012\/04\/mir09-04-12blog.jpg\" alt=\"\" width=\"600\" height=\"154\" srcset=\"https:\/\/blogs.elcorreo.com\/inakicerrajeria\/wp-content\/uploads\/sites\/29\/2012\/04\/mir09-04-12blog.jpg 1031w, https:\/\/blogs.elcorreo.com\/inakicerrajeria\/wp-content\/uploads\/sites\/29\/2012\/04\/mir09-04-12blog-300x77.jpg 300w, https:\/\/blogs.elcorreo.com\/inakicerrajeria\/wp-content\/uploads\/sites\/29\/2012\/04\/mir09-04-12blog-768x197.jpg 768w, https:\/\/blogs.elcorreo.com\/inakicerrajeria\/wp-content\/uploads\/sites\/29\/2012\/04\/mir09-04-12blog-1024x263.jpg 1024w\" sizes=\"(max-width: 600px) 100vw, 600px\" \/><\/a><\/p>\n<p>Se han recorrido buena parte de Europa en autob\u00fas para mostrar lo mejor de nuestro folklore y lo han hecho con enorme \u00e9xito, m\u00e1s que el que cosechan en casa, donde creen que lo tradicional no est\u00e1 suficientemente valorado, pese a que llevan tres d\u00e9cadas trabajando en su promoci\u00f3n y difusi\u00f3n. <a href=\"http:\/\/www.elcorreo.com\/alava\/v\/20120409\/miranda\/arraigo-tradicion-orillas-ebro-20120409.html\" rel=\"external nofollow\">(+)<\/a><\/p>\n<!-- AddThis Advanced Settings generic via filter on the_content --><!-- AddThis Share Buttons generic via filter on the_content -->","protected":false},"excerpt":{"rendered":"<p>&nbsp; MIRANDA Se han recorrido buena parte de Europa en autob\u00fas para mostrar lo mejor de nuestro folklore y lo han hecho con enorme \u00e9xito, m\u00e1s que el que cosechan en casa, donde creen que lo tradicional no est\u00e1 suficientemente valorado, pese a que llevan tres d\u00e9cadas trabajando en su promoci\u00f3n y difusi\u00f3n. (+)<!-- AddThis Advanced Settings generic via filter on get_the_excerpt --><!-- AddThis Share Buttons generic via filter on get_the_excerpt --><\/p>\n","protected":false},"author":41,"featured_media":0,"comment_status":"open","ping_status":"closed","sticky":false,"template":"","format":"standard","meta":[],"categories":[18],"tags":[578,1362,6881],"_links":{"self":[{"href":"https:\/\/blogs.elcorreo.com\/inakicerrajeria\/wp-json\/wp\/v2\/posts\/3750"}],"collection":[{"href":"https:\/\/blogs.elcorreo.com\/inakicerrajeria\/wp-json\/wp\/v2\/posts"}],"about":[{"href":"https:\/\/blogs.elcorreo.com\/inakicerrajeria\/wp-json\/wp\/v2\/types\/post"}],"author":[{"embeddable":true,"href":"https:\/\/blogs.elcorreo.com\/inakicerrajeria\/wp-json\/wp\/v2\/users\/41"}],"replies":[{"embeddable":true,"href":"https:\/\/blogs.elcorreo.com\/inakicerrajeria\/wp-json\/wp\/v2\/comments?post=3750"}],"version-history":[{"count":0,"href":"https:\/\/blogs.elcorreo.com\/inakicerrajeria\/wp-json\/wp\/v2\/posts\/3750\/revisions"}],"wp:attachment":[{"href":"https:\/\/blogs.elcorreo.com\/inakicerrajeria\/wp-json\/wp\/v2\/media?parent=3750"}],"wp:term":[{"taxonomy":"category","embeddable":true,"href":"https:\/\/blogs.elcorreo.com\/inakicerrajeria\/wp-json\/wp\/v2\/categories?post=3750"},{"taxonomy":"post_tag","embeddable":true,"href":"https:\/\/blogs.elcorreo.com\/inakicerrajeria\/wp-json\/wp\/v2\/tags?post=3750"}],"curies":[{"name":"wp","href":"https:\/\/api.w.org\/{rel}","templated":true}]}}