{"id":3734,"date":"2012-04-05T10:33:40","date_gmt":"2012-04-05T09:33:40","guid":{"rendered":"http:\/\/blogs.elcorreo.com\/inakicerrajeria\/?p=3734"},"modified":"2012-04-05T10:33:40","modified_gmt":"2012-04-05T09:33:40","slug":"bicicletas-en-aguirrelanda-el-lio-de-nunca-acabar","status":"publish","type":"post","link":"https:\/\/blogs.elcorreo.com\/inakicerrajeria\/2012\/04\/05\/bicicletas-en-aguirrelanda-el-lio-de-nunca-acabar\/","title":{"rendered":"Bicicletas en Aguirrelanda, el l\u00edo de nunca acabar"},"content":{"rendered":"<p>&nbsp;<\/p>\n<h5><span style=\"color: #0000ff;\">Araba\/\u00c1lava<\/span><\/h5>\n<p><a href=\"\/inakicerrajeria\/wp-content\/uploads\/sites\/29\/2012\/04\/05-04-12blog.jpg\"><img loading=\"lazy\" class=\"alignnone size-large wp-image-3735\" title=\"05-04-12blog\" src=\"\/inakicerrajeria\/wp-content\/uploads\/sites\/29\/2012\/04\/05-04-12blog.jpg\" alt=\"\" width=\"600\" height=\"154\" srcset=\"https:\/\/blogs.elcorreo.com\/inakicerrajeria\/wp-content\/uploads\/sites\/29\/2012\/04\/05-04-12blog.jpg 1031w, https:\/\/blogs.elcorreo.com\/inakicerrajeria\/wp-content\/uploads\/sites\/29\/2012\/04\/05-04-12blog-300x77.jpg 300w, https:\/\/blogs.elcorreo.com\/inakicerrajeria\/wp-content\/uploads\/sites\/29\/2012\/04\/05-04-12blog-768x197.jpg 768w, https:\/\/blogs.elcorreo.com\/inakicerrajeria\/wp-content\/uploads\/sites\/29\/2012\/04\/05-04-12blog-1024x263.jpg 1024w\" sizes=\"(max-width: 600px) 100vw, 600px\" \/><\/a><\/p>\n<p>Vuelve el l\u00edo de nunca acabar al fort\u00edn de bicis robadas, extraviadas o recuperadas del dep\u00f3sito municipal de Aguirrelanda. El \u00faltimo usuario descontento con su funcionamiento es un vitoriano que a finales de noviembre de 2009 ayud\u00f3 a la Polic\u00eda Local a recuperar un veh\u00edculo de dos ruedas que le hab\u00edan robado en el centro comercial El Boulevard semanas antes. <a href=\"http:\/\/www.elcorreo.com\/alava\/v\/20120405\/alava\/bicicletas-aguirrelanda-nunca-acabar-20120405.html\" rel=\"external nofollow\">(+)<\/a><\/p>\n<!-- AddThis Advanced Settings generic via filter on the_content --><!-- AddThis Share Buttons generic via filter on the_content -->","protected":false},"excerpt":{"rendered":"<p>&nbsp; Araba\/\u00c1lava Vuelve el l\u00edo de nunca acabar al fort\u00edn de bicis robadas, extraviadas o recuperadas del dep\u00f3sito municipal de Aguirrelanda. El \u00faltimo usuario descontento con su funcionamiento es un vitoriano que a finales de noviembre de 2009 ayud\u00f3 a la Polic\u00eda Local a recuperar un veh\u00edculo de dos ruedas que le hab\u00edan robado en [&hellip;]<!-- AddThis Advanced Settings generic via filter on get_the_excerpt --><!-- AddThis Share Buttons generic via filter on get_the_excerpt --><\/p>\n","protected":false},"author":41,"featured_media":0,"comment_status":"open","ping_status":"closed","sticky":false,"template":"","format":"standard","meta":[],"categories":[16],"tags":[927,5523,6183],"_links":{"self":[{"href":"https:\/\/blogs.elcorreo.com\/inakicerrajeria\/wp-json\/wp\/v2\/posts\/3734"}],"collection":[{"href":"https:\/\/blogs.elcorreo.com\/inakicerrajeria\/wp-json\/wp\/v2\/posts"}],"about":[{"href":"https:\/\/blogs.elcorreo.com\/inakicerrajeria\/wp-json\/wp\/v2\/types\/post"}],"author":[{"embeddable":true,"href":"https:\/\/blogs.elcorreo.com\/inakicerrajeria\/wp-json\/wp\/v2\/users\/41"}],"replies":[{"embeddable":true,"href":"https:\/\/blogs.elcorreo.com\/inakicerrajeria\/wp-json\/wp\/v2\/comments?post=3734"}],"version-history":[{"count":0,"href":"https:\/\/blogs.elcorreo.com\/inakicerrajeria\/wp-json\/wp\/v2\/posts\/3734\/revisions"}],"wp:attachment":[{"href":"https:\/\/blogs.elcorreo.com\/inakicerrajeria\/wp-json\/wp\/v2\/media?parent=3734"}],"wp:term":[{"taxonomy":"category","embeddable":true,"href":"https:\/\/blogs.elcorreo.com\/inakicerrajeria\/wp-json\/wp\/v2\/categories?post=3734"},{"taxonomy":"post_tag","embeddable":true,"href":"https:\/\/blogs.elcorreo.com\/inakicerrajeria\/wp-json\/wp\/v2\/tags?post=3734"}],"curies":[{"name":"wp","href":"https:\/\/api.w.org\/{rel}","templated":true}]}}