{"id":3731,"date":"2012-04-05T10:20:17","date_gmt":"2012-04-05T09:20:17","guid":{"rendered":"http:\/\/blogs.elcorreo.com\/inakicerrajeria\/?p=3731"},"modified":"2012-04-05T10:20:17","modified_gmt":"2012-04-05T09:20:17","slug":"los-trabajadores-de-la-limpieza-cobran-marzo-y-dan-por-zanjado-el-conflicto-con-la-empresa","status":"publish","type":"post","link":"https:\/\/blogs.elcorreo.com\/inakicerrajeria\/2012\/04\/05\/los-trabajadores-de-la-limpieza-cobran-marzo-y-dan-por-zanjado-el-conflicto-con-la-empresa\/","title":{"rendered":"Los trabajadores de la limpieza cobran marzo y dan por zanjado el conflicto con la empresa"},"content":{"rendered":"<p>&nbsp;<\/p>\n<h5><span style=\"color: #0000ff;\">Miranda<\/span><\/h5>\n<p><a href=\"\/inakicerrajeria\/wp-content\/uploads\/sites\/29\/2012\/04\/mir05-04-12blog.jpg\"><img loading=\"lazy\" class=\"alignnone size-large wp-image-3732\" title=\"mir05-04-12blog\" src=\"\/inakicerrajeria\/wp-content\/uploads\/sites\/29\/2012\/04\/mir05-04-12blog.jpg\" alt=\"\" width=\"600\" height=\"154\" srcset=\"https:\/\/blogs.elcorreo.com\/inakicerrajeria\/wp-content\/uploads\/sites\/29\/2012\/04\/mir05-04-12blog.jpg 1031w, https:\/\/blogs.elcorreo.com\/inakicerrajeria\/wp-content\/uploads\/sites\/29\/2012\/04\/mir05-04-12blog-300x77.jpg 300w, https:\/\/blogs.elcorreo.com\/inakicerrajeria\/wp-content\/uploads\/sites\/29\/2012\/04\/mir05-04-12blog-768x197.jpg 768w, https:\/\/blogs.elcorreo.com\/inakicerrajeria\/wp-content\/uploads\/sites\/29\/2012\/04\/mir05-04-12blog-1024x263.jpg 1024w\" sizes=\"(max-width: 600px) 100vw, 600px\" \/><\/a><\/p>\n<p>Conclusiones de las reuniones (Servicio de limpieza)&#8217;. Bajo ese encabezado el Ayuntamiento emiti\u00f3 ayer una escueta nota de prensa, de apenas tres frases, con la que da por zanjado el conflicto que en los \u00faltimos d\u00edas ha enfrentado a los trabajadores de la limpieza con la empresa adjudicataria del servicio, la UTE Miranda de Ebro,&#8230; <a href=\"http:\/\/www.elcorreo.com\/alava\/v\/20120405\/miranda\/trabajadores-limpieza-cobran-marzo-20120405.html\" rel=\"external nofollow\">(+)<\/a><\/p>\n<!-- AddThis Advanced Settings generic via filter on the_content --><!-- AddThis Share Buttons generic via filter on the_content -->","protected":false},"excerpt":{"rendered":"<p>&nbsp; Miranda Conclusiones de las reuniones (Servicio de limpieza)&#8217;. Bajo ese encabezado el Ayuntamiento emiti\u00f3 ayer una escueta nota de prensa, de apenas tres frases, con la que da por zanjado el conflicto que en los \u00faltimos d\u00edas ha enfrentado a los trabajadores de la limpieza con la empresa adjudicataria del servicio, la UTE Miranda [&hellip;]<!-- AddThis Advanced Settings generic via filter on get_the_excerpt --><!-- AddThis Share Buttons generic via filter on get_the_excerpt --><\/p>\n","protected":false},"author":41,"featured_media":0,"comment_status":"open","ping_status":"closed","sticky":false,"template":"","format":"standard","meta":[],"categories":[18],"tags":[875,6874,7101],"_links":{"self":[{"href":"https:\/\/blogs.elcorreo.com\/inakicerrajeria\/wp-json\/wp\/v2\/posts\/3731"}],"collection":[{"href":"https:\/\/blogs.elcorreo.com\/inakicerrajeria\/wp-json\/wp\/v2\/posts"}],"about":[{"href":"https:\/\/blogs.elcorreo.com\/inakicerrajeria\/wp-json\/wp\/v2\/types\/post"}],"author":[{"embeddable":true,"href":"https:\/\/blogs.elcorreo.com\/inakicerrajeria\/wp-json\/wp\/v2\/users\/41"}],"replies":[{"embeddable":true,"href":"https:\/\/blogs.elcorreo.com\/inakicerrajeria\/wp-json\/wp\/v2\/comments?post=3731"}],"version-history":[{"count":0,"href":"https:\/\/blogs.elcorreo.com\/inakicerrajeria\/wp-json\/wp\/v2\/posts\/3731\/revisions"}],"wp:attachment":[{"href":"https:\/\/blogs.elcorreo.com\/inakicerrajeria\/wp-json\/wp\/v2\/media?parent=3731"}],"wp:term":[{"taxonomy":"category","embeddable":true,"href":"https:\/\/blogs.elcorreo.com\/inakicerrajeria\/wp-json\/wp\/v2\/categories?post=3731"},{"taxonomy":"post_tag","embeddable":true,"href":"https:\/\/blogs.elcorreo.com\/inakicerrajeria\/wp-json\/wp\/v2\/tags?post=3731"}],"curies":[{"name":"wp","href":"https:\/\/api.w.org\/{rel}","templated":true}]}}