{"id":27244,"date":"2025-08-27T10:45:54","date_gmt":"2025-08-27T09:45:54","guid":{"rendered":"https:\/\/blogs.elcorreo.com\/inakicerrajeria\/?p=27244"},"modified":"2025-08-27T10:45:54","modified_gmt":"2025-08-27T09:45:54","slug":"el-ayuntamiento-encarga-el-proyecto-para-reconstruir-el-puente-danado-en-salburua","status":"publish","type":"post","link":"https:\/\/blogs.elcorreo.com\/inakicerrajeria\/2025\/08\/27\/el-ayuntamiento-encarga-el-proyecto-para-reconstruir-el-puente-danado-en-salburua\/","title":{"rendered":"El Ayuntamiento encarga el proyecto para reconstruir el puente da\u00f1ado en Salburua"},"content":{"rendered":"<p><span style=\"color: #008000;\"><strong>ARABA<\/strong><\/span><\/p>\n<h2 data-bind=\"text: articleSubtitle\">Las afecciones a la movilidad y la p\u00e9rdida de servicios b\u00e1sicos como la recogida neum\u00e1tica apremian un plan de obra que incluir\u00e1 la demolici\u00f3n<\/h2>\n<!-- AddThis Advanced Settings generic via filter on the_content --><!-- AddThis Share Buttons generic via filter on the_content -->","protected":false},"excerpt":{"rendered":"<p>ARABA Las afecciones a la movilidad y la p\u00e9rdida de servicios b\u00e1sicos como la recogida neum\u00e1tica apremian un plan de obra que incluir\u00e1 la demolici\u00f3n<!-- AddThis Advanced Settings generic via filter on get_the_excerpt --><!-- AddThis Share Buttons generic via filter on get_the_excerpt --><\/p>\n","protected":false},"author":41,"featured_media":27245,"comment_status":"open","ping_status":"closed","sticky":false,"template":"","format":"standard","meta":[],"categories":[16],"tags":[3763,4740,12930],"_links":{"self":[{"href":"https:\/\/blogs.elcorreo.com\/inakicerrajeria\/wp-json\/wp\/v2\/posts\/27244"}],"collection":[{"href":"https:\/\/blogs.elcorreo.com\/inakicerrajeria\/wp-json\/wp\/v2\/posts"}],"about":[{"href":"https:\/\/blogs.elcorreo.com\/inakicerrajeria\/wp-json\/wp\/v2\/types\/post"}],"author":[{"embeddable":true,"href":"https:\/\/blogs.elcorreo.com\/inakicerrajeria\/wp-json\/wp\/v2\/users\/41"}],"replies":[{"embeddable":true,"href":"https:\/\/blogs.elcorreo.com\/inakicerrajeria\/wp-json\/wp\/v2\/comments?post=27244"}],"version-history":[{"count":1,"href":"https:\/\/blogs.elcorreo.com\/inakicerrajeria\/wp-json\/wp\/v2\/posts\/27244\/revisions"}],"predecessor-version":[{"id":27246,"href":"https:\/\/blogs.elcorreo.com\/inakicerrajeria\/wp-json\/wp\/v2\/posts\/27244\/revisions\/27246"}],"wp:featuredmedia":[{"embeddable":true,"href":"https:\/\/blogs.elcorreo.com\/inakicerrajeria\/wp-json\/wp\/v2\/media\/27245"}],"wp:attachment":[{"href":"https:\/\/blogs.elcorreo.com\/inakicerrajeria\/wp-json\/wp\/v2\/media?parent=27244"}],"wp:term":[{"taxonomy":"category","embeddable":true,"href":"https:\/\/blogs.elcorreo.com\/inakicerrajeria\/wp-json\/wp\/v2\/categories?post=27244"},{"taxonomy":"post_tag","embeddable":true,"href":"https:\/\/blogs.elcorreo.com\/inakicerrajeria\/wp-json\/wp\/v2\/tags?post=27244"}],"curies":[{"name":"wp","href":"https:\/\/api.w.org\/{rel}","templated":true}]}}