{"id":27231,"date":"2025-08-25T09:55:12","date_gmt":"2025-08-25T08:55:12","guid":{"rendered":"https:\/\/blogs.elcorreo.com\/inakicerrajeria\/?p=27231"},"modified":"2025-08-25T09:55:12","modified_gmt":"2025-08-25T08:55:12","slug":"el-cereal-gana-peso-en-el-campo-alaves-en-detrimento-de-la-patata-y-el-girasol","status":"publish","type":"post","link":"https:\/\/blogs.elcorreo.com\/inakicerrajeria\/2025\/08\/25\/el-cereal-gana-peso-en-el-campo-alaves-en-detrimento-de-la-patata-y-el-girasol\/","title":{"rendered":"El cereal gana peso en el campo alav\u00e9s en detrimento de la patata y el girasol"},"content":{"rendered":"<p><span style=\"color: #008000;\"><strong>ARABA<\/strong><\/span><\/p>\n<h2 data-bind=\"text: articleSubtitle\">Los datos de producci\u00f3n y superficie agraria al cierre de 2024 reflejan una buena campa\u00f1a en los cultivos de cebada y trigo, que cada vez se hibrida m\u00e1s con centeno<\/h2>\n<!-- AddThis Advanced Settings generic via filter on the_content --><!-- AddThis Share Buttons generic via filter on the_content -->","protected":false},"excerpt":{"rendered":"<p>ARABA Los datos de producci\u00f3n y superficie agraria al cierre de 2024 reflejan una buena campa\u00f1a en los cultivos de cebada y trigo, que cada vez se hibrida m\u00e1s con centeno<!-- AddThis Advanced Settings generic via filter on get_the_excerpt --><!-- AddThis Share Buttons generic via filter on get_the_excerpt --><\/p>\n","protected":false},"author":41,"featured_media":27239,"comment_status":"open","ping_status":"closed","sticky":false,"template":"","format":"standard","meta":[],"categories":[16],"tags":[7815,1425,1451,1977,11134,5219],"_links":{"self":[{"href":"https:\/\/blogs.elcorreo.com\/inakicerrajeria\/wp-json\/wp\/v2\/posts\/27231"}],"collection":[{"href":"https:\/\/blogs.elcorreo.com\/inakicerrajeria\/wp-json\/wp\/v2\/posts"}],"about":[{"href":"https:\/\/blogs.elcorreo.com\/inakicerrajeria\/wp-json\/wp\/v2\/types\/post"}],"author":[{"embeddable":true,"href":"https:\/\/blogs.elcorreo.com\/inakicerrajeria\/wp-json\/wp\/v2\/users\/41"}],"replies":[{"embeddable":true,"href":"https:\/\/blogs.elcorreo.com\/inakicerrajeria\/wp-json\/wp\/v2\/comments?post=27231"}],"version-history":[{"count":1,"href":"https:\/\/blogs.elcorreo.com\/inakicerrajeria\/wp-json\/wp\/v2\/posts\/27231\/revisions"}],"predecessor-version":[{"id":27240,"href":"https:\/\/blogs.elcorreo.com\/inakicerrajeria\/wp-json\/wp\/v2\/posts\/27231\/revisions\/27240"}],"wp:featuredmedia":[{"embeddable":true,"href":"https:\/\/blogs.elcorreo.com\/inakicerrajeria\/wp-json\/wp\/v2\/media\/27239"}],"wp:attachment":[{"href":"https:\/\/blogs.elcorreo.com\/inakicerrajeria\/wp-json\/wp\/v2\/media?parent=27231"}],"wp:term":[{"taxonomy":"category","embeddable":true,"href":"https:\/\/blogs.elcorreo.com\/inakicerrajeria\/wp-json\/wp\/v2\/categories?post=27231"},{"taxonomy":"post_tag","embeddable":true,"href":"https:\/\/blogs.elcorreo.com\/inakicerrajeria\/wp-json\/wp\/v2\/tags?post=27231"}],"curies":[{"name":"wp","href":"https:\/\/api.w.org\/{rel}","templated":true}]}}