{"id":27222,"date":"2025-08-23T09:32:40","date_gmt":"2025-08-23T08:32:40","guid":{"rendered":"https:\/\/blogs.elcorreo.com\/inakicerrajeria\/?p=27222"},"modified":"2025-08-23T09:32:40","modified_gmt":"2025-08-23T08:32:40","slug":"la-musicoterapia-se-extiende-por-las-residencias-de-mayores-de-alava","status":"publish","type":"post","link":"https:\/\/blogs.elcorreo.com\/inakicerrajeria\/2025\/08\/23\/la-musicoterapia-se-extiende-por-las-residencias-de-mayores-de-alava\/","title":{"rendered":"La musicoterapia se extiende por las residencias de mayores de \u00c1lava"},"content":{"rendered":"<p><span style=\"color: #008000;\"><strong>ARABA<\/strong><\/span><\/p>\n<h2 data-bind=\"text: articleSubtitle\">Tres de cada cinco internos en los geri\u00e1tricos forales buscan estimulaci\u00f3n y mejorar su estado de \u00e1nimo a trav\u00e9s de esta disciplina<\/h2>\n<!-- AddThis Advanced Settings generic via filter on the_content --><!-- AddThis Share Buttons generic via filter on the_content -->","protected":false},"excerpt":{"rendered":"<p>ARABA Tres de cada cinco internos en los geri\u00e1tricos forales buscan estimulaci\u00f3n y mejorar su estado de \u00e1nimo a trav\u00e9s de esta disciplina<!-- AddThis Advanced Settings generic via filter on get_the_excerpt --><!-- AddThis Share Buttons generic via filter on get_the_excerpt --><\/p>\n","protected":false},"author":41,"featured_media":27223,"comment_status":"open","ping_status":"closed","sticky":false,"template":"","format":"standard","meta":[],"categories":[16],"tags":[413,7936,12926,4543,4799,12927,6070,6768],"_links":{"self":[{"href":"https:\/\/blogs.elcorreo.com\/inakicerrajeria\/wp-json\/wp\/v2\/posts\/27222"}],"collection":[{"href":"https:\/\/blogs.elcorreo.com\/inakicerrajeria\/wp-json\/wp\/v2\/posts"}],"about":[{"href":"https:\/\/blogs.elcorreo.com\/inakicerrajeria\/wp-json\/wp\/v2\/types\/post"}],"author":[{"embeddable":true,"href":"https:\/\/blogs.elcorreo.com\/inakicerrajeria\/wp-json\/wp\/v2\/users\/41"}],"replies":[{"embeddable":true,"href":"https:\/\/blogs.elcorreo.com\/inakicerrajeria\/wp-json\/wp\/v2\/comments?post=27222"}],"version-history":[{"count":1,"href":"https:\/\/blogs.elcorreo.com\/inakicerrajeria\/wp-json\/wp\/v2\/posts\/27222\/revisions"}],"predecessor-version":[{"id":27224,"href":"https:\/\/blogs.elcorreo.com\/inakicerrajeria\/wp-json\/wp\/v2\/posts\/27222\/revisions\/27224"}],"wp:featuredmedia":[{"embeddable":true,"href":"https:\/\/blogs.elcorreo.com\/inakicerrajeria\/wp-json\/wp\/v2\/media\/27223"}],"wp:attachment":[{"href":"https:\/\/blogs.elcorreo.com\/inakicerrajeria\/wp-json\/wp\/v2\/media?parent=27222"}],"wp:term":[{"taxonomy":"category","embeddable":true,"href":"https:\/\/blogs.elcorreo.com\/inakicerrajeria\/wp-json\/wp\/v2\/categories?post=27222"},{"taxonomy":"post_tag","embeddable":true,"href":"https:\/\/blogs.elcorreo.com\/inakicerrajeria\/wp-json\/wp\/v2\/tags?post=27222"}],"curies":[{"name":"wp","href":"https:\/\/api.w.org\/{rel}","templated":true}]}}