{"id":27211,"date":"2025-08-20T09:36:56","date_gmt":"2025-08-20T08:36:56","guid":{"rendered":"https:\/\/blogs.elcorreo.com\/inakicerrajeria\/?p=27211"},"modified":"2025-08-21T09:41:25","modified_gmt":"2025-08-21T08:41:25","slug":"la-union-reforzara-sus-servicios-a-bilbao-tras-la-marcha-de-altube","status":"publish","type":"post","link":"https:\/\/blogs.elcorreo.com\/inakicerrajeria\/2025\/08\/20\/la-union-reforzara-sus-servicios-a-bilbao-tras-la-marcha-de-altube\/","title":{"rendered":"La Uni\u00f3n reforzar\u00e1 sus servicios a Bilbao tras la marcha de Altube"},"content":{"rendered":"<p><span style=\"color: #008000;\"><strong>ARABA<\/strong><\/span><\/p>\n<p>ALTUBE, El colectivo, que desde hace 40 a\u00f1os prestaba el servicio de autobuses hasta Leioa, Ingenieros, Deusto, Sarriko y Mondragon, explic\u00f3, a trav\u00e9s de un comunicado, que esta suspensi\u00f3n que ha pillado a muchos por sorpresa se debe a una cuesti\u00f3n econ\u00f3mica. No les sale rentable e incluso genera p\u00e9rdidas.<\/p>\n<!-- AddThis Advanced Settings generic via filter on the_content --><!-- AddThis Share Buttons generic via filter on the_content -->","protected":false},"excerpt":{"rendered":"<p>ARABA ALTUBE, El colectivo, que desde hace 40 a\u00f1os prestaba el servicio de autobuses hasta Leioa, Ingenieros, Deusto, Sarriko y Mondragon, explic\u00f3, a trav\u00e9s de un comunicado, que esta suspensi\u00f3n que ha pillado a muchos por sorpresa se debe a una cuesti\u00f3n econ\u00f3mica. No les sale rentable e incluso genera p\u00e9rdidas.<!-- AddThis Advanced Settings generic via filter on get_the_excerpt --><!-- AddThis Share Buttons generic via filter on get_the_excerpt --><\/p>\n","protected":false},"author":41,"featured_media":27212,"comment_status":"open","ping_status":"closed","sticky":false,"template":"","format":"standard","meta":[],"categories":[16],"tags":[12924,710,2936,4135],"_links":{"self":[{"href":"https:\/\/blogs.elcorreo.com\/inakicerrajeria\/wp-json\/wp\/v2\/posts\/27211"}],"collection":[{"href":"https:\/\/blogs.elcorreo.com\/inakicerrajeria\/wp-json\/wp\/v2\/posts"}],"about":[{"href":"https:\/\/blogs.elcorreo.com\/inakicerrajeria\/wp-json\/wp\/v2\/types\/post"}],"author":[{"embeddable":true,"href":"https:\/\/blogs.elcorreo.com\/inakicerrajeria\/wp-json\/wp\/v2\/users\/41"}],"replies":[{"embeddable":true,"href":"https:\/\/blogs.elcorreo.com\/inakicerrajeria\/wp-json\/wp\/v2\/comments?post=27211"}],"version-history":[{"count":1,"href":"https:\/\/blogs.elcorreo.com\/inakicerrajeria\/wp-json\/wp\/v2\/posts\/27211\/revisions"}],"predecessor-version":[{"id":27213,"href":"https:\/\/blogs.elcorreo.com\/inakicerrajeria\/wp-json\/wp\/v2\/posts\/27211\/revisions\/27213"}],"wp:featuredmedia":[{"embeddable":true,"href":"https:\/\/blogs.elcorreo.com\/inakicerrajeria\/wp-json\/wp\/v2\/media\/27212"}],"wp:attachment":[{"href":"https:\/\/blogs.elcorreo.com\/inakicerrajeria\/wp-json\/wp\/v2\/media?parent=27211"}],"wp:term":[{"taxonomy":"category","embeddable":true,"href":"https:\/\/blogs.elcorreo.com\/inakicerrajeria\/wp-json\/wp\/v2\/categories?post=27211"},{"taxonomy":"post_tag","embeddable":true,"href":"https:\/\/blogs.elcorreo.com\/inakicerrajeria\/wp-json\/wp\/v2\/tags?post=27211"}],"curies":[{"name":"wp","href":"https:\/\/api.w.org\/{rel}","templated":true}]}}