{"id":26943,"date":"2025-06-13T09:05:57","date_gmt":"2025-06-13T08:05:57","guid":{"rendered":"https:\/\/blogs.elcorreo.com\/inakicerrajeria\/?p=26943"},"modified":"2025-06-13T09:05:57","modified_gmt":"2025-06-13T08:05:57","slug":"la-gestion-de-las-cafeterias-publicas-de-vitoria-se-frustra-por-las-fuertes-inversiones-y-poca-rentabilidad","status":"publish","type":"post","link":"https:\/\/blogs.elcorreo.com\/inakicerrajeria\/2025\/06\/13\/la-gestion-de-las-cafeterias-publicas-de-vitoria-se-frustra-por-las-fuertes-inversiones-y-poca-rentabilidad\/","title":{"rendered":"La gesti\u00f3n de las cafeter\u00edas p\u00fablicas de Vitoria se frustra por las \u00abfuertes\u00bb inversiones y poca rentabilidad"},"content":{"rendered":"<p><span style=\"color: #008000;\"><strong>ARABA<\/strong><\/span><\/p>\n<h2 class=\"v-a-sub-t \">Foronda subsiste con una pr\u00f3rroga y Gamarra s\u00f3lo abrir\u00e1 en verano. La Florida o Ataria sufrieron antes esta falta de inter\u00e9s<\/h2>\n<!-- AddThis Advanced Settings generic via filter on the_content --><!-- AddThis Share Buttons generic via filter on the_content -->","protected":false},"excerpt":{"rendered":"<p>ARABA Foronda subsiste con una pr\u00f3rroga y Gamarra s\u00f3lo abrir\u00e1 en verano. La Florida o Ataria sufrieron antes esta falta de inter\u00e9s<!-- AddThis Advanced Settings generic via filter on get_the_excerpt --><!-- AddThis Share Buttons generic via filter on get_the_excerpt --><\/p>\n","protected":false},"author":41,"featured_media":26944,"comment_status":"open","ping_status":"closed","sticky":false,"template":"","format":"standard","meta":[],"categories":[16],"tags":[12839,3417,12840],"_links":{"self":[{"href":"https:\/\/blogs.elcorreo.com\/inakicerrajeria\/wp-json\/wp\/v2\/posts\/26943"}],"collection":[{"href":"https:\/\/blogs.elcorreo.com\/inakicerrajeria\/wp-json\/wp\/v2\/posts"}],"about":[{"href":"https:\/\/blogs.elcorreo.com\/inakicerrajeria\/wp-json\/wp\/v2\/types\/post"}],"author":[{"embeddable":true,"href":"https:\/\/blogs.elcorreo.com\/inakicerrajeria\/wp-json\/wp\/v2\/users\/41"}],"replies":[{"embeddable":true,"href":"https:\/\/blogs.elcorreo.com\/inakicerrajeria\/wp-json\/wp\/v2\/comments?post=26943"}],"version-history":[{"count":1,"href":"https:\/\/blogs.elcorreo.com\/inakicerrajeria\/wp-json\/wp\/v2\/posts\/26943\/revisions"}],"predecessor-version":[{"id":26945,"href":"https:\/\/blogs.elcorreo.com\/inakicerrajeria\/wp-json\/wp\/v2\/posts\/26943\/revisions\/26945"}],"wp:featuredmedia":[{"embeddable":true,"href":"https:\/\/blogs.elcorreo.com\/inakicerrajeria\/wp-json\/wp\/v2\/media\/26944"}],"wp:attachment":[{"href":"https:\/\/blogs.elcorreo.com\/inakicerrajeria\/wp-json\/wp\/v2\/media?parent=26943"}],"wp:term":[{"taxonomy":"category","embeddable":true,"href":"https:\/\/blogs.elcorreo.com\/inakicerrajeria\/wp-json\/wp\/v2\/categories?post=26943"},{"taxonomy":"post_tag","embeddable":true,"href":"https:\/\/blogs.elcorreo.com\/inakicerrajeria\/wp-json\/wp\/v2\/tags?post=26943"}],"curies":[{"name":"wp","href":"https:\/\/api.w.org\/{rel}","templated":true}]}}