{"id":26845,"date":"2025-05-22T08:44:35","date_gmt":"2025-05-22T07:44:35","guid":{"rendered":"https:\/\/blogs.elcorreo.com\/inakicerrajeria\/?p=26845"},"modified":"2025-05-26T08:45:51","modified_gmt":"2025-05-26T07:45:51","slug":"vitoria-sopesa-ya-una-rescision-pactada-del-contrato-de-jardines-con-la-empresa","status":"publish","type":"post","link":"https:\/\/blogs.elcorreo.com\/inakicerrajeria\/2025\/05\/22\/vitoria-sopesa-ya-una-rescision-pactada-del-contrato-de-jardines-con-la-empresa\/","title":{"rendered":"Vitoria sopesa ya una rescisi\u00f3n pactada del contrato de jardines con la empresa"},"content":{"rendered":"<p><span style=\"color: #008000;\"><strong>ARABA<\/strong><\/span><\/p>\n<h2 data-bind=\"text: articleSubtitle\">El Ayuntamiento se da \u00abunas semanas\u00bb de plazo antes de iniciar esa negociaci\u00f3n. Tambi\u00e9n estudia ir al servicio de mediaci\u00f3n laboral vasco para desactivar la huelga<\/h2>\n<!-- AddThis Advanced Settings generic via filter on the_content --><!-- AddThis Share Buttons generic via filter on the_content -->","protected":false},"excerpt":{"rendered":"<p>ARABA El Ayuntamiento se da \u00abunas semanas\u00bb de plazo antes de iniciar esa negociaci\u00f3n. Tambi\u00e9n estudia ir al servicio de mediaci\u00f3n laboral vasco para desactivar la huelga<!-- AddThis Advanced Settings generic via filter on get_the_excerpt --><!-- AddThis Share Buttons generic via filter on get_the_excerpt --><\/p>\n","protected":false},"author":41,"featured_media":26846,"comment_status":"open","ping_status":"closed","sticky":false,"template":"","format":"standard","meta":[],"categories":[16],"tags":[12809,12796],"_links":{"self":[{"href":"https:\/\/blogs.elcorreo.com\/inakicerrajeria\/wp-json\/wp\/v2\/posts\/26845"}],"collection":[{"href":"https:\/\/blogs.elcorreo.com\/inakicerrajeria\/wp-json\/wp\/v2\/posts"}],"about":[{"href":"https:\/\/blogs.elcorreo.com\/inakicerrajeria\/wp-json\/wp\/v2\/types\/post"}],"author":[{"embeddable":true,"href":"https:\/\/blogs.elcorreo.com\/inakicerrajeria\/wp-json\/wp\/v2\/users\/41"}],"replies":[{"embeddable":true,"href":"https:\/\/blogs.elcorreo.com\/inakicerrajeria\/wp-json\/wp\/v2\/comments?post=26845"}],"version-history":[{"count":1,"href":"https:\/\/blogs.elcorreo.com\/inakicerrajeria\/wp-json\/wp\/v2\/posts\/26845\/revisions"}],"predecessor-version":[{"id":26847,"href":"https:\/\/blogs.elcorreo.com\/inakicerrajeria\/wp-json\/wp\/v2\/posts\/26845\/revisions\/26847"}],"wp:featuredmedia":[{"embeddable":true,"href":"https:\/\/blogs.elcorreo.com\/inakicerrajeria\/wp-json\/wp\/v2\/media\/26846"}],"wp:attachment":[{"href":"https:\/\/blogs.elcorreo.com\/inakicerrajeria\/wp-json\/wp\/v2\/media?parent=26845"}],"wp:term":[{"taxonomy":"category","embeddable":true,"href":"https:\/\/blogs.elcorreo.com\/inakicerrajeria\/wp-json\/wp\/v2\/categories?post=26845"},{"taxonomy":"post_tag","embeddable":true,"href":"https:\/\/blogs.elcorreo.com\/inakicerrajeria\/wp-json\/wp\/v2\/tags?post=26845"}],"curies":[{"name":"wp","href":"https:\/\/api.w.org\/{rel}","templated":true}]}}