{"id":26831,"date":"2025-05-19T08:42:42","date_gmt":"2025-05-19T07:42:42","guid":{"rendered":"https:\/\/blogs.elcorreo.com\/inakicerrajeria\/?p=26831"},"modified":"2025-05-19T08:42:42","modified_gmt":"2025-05-19T07:42:42","slug":"el-puesto-de-control-fronterizo-de-foronda-se-reforma-para-ganar-eficiencia","status":"publish","type":"post","link":"https:\/\/blogs.elcorreo.com\/inakicerrajeria\/2025\/05\/19\/el-puesto-de-control-fronterizo-de-foronda-se-reforma-para-ganar-eficiencia\/","title":{"rendered":"El Puesto de Control Fronterizo de Foronda se reforma para ganar eficiencia"},"content":{"rendered":"<p><span style=\"color: #008000;\"><strong>ARABA<\/strong><\/span><\/p>\n<h2 data-bind=\"text: articleSubtitle\">La instalaci\u00f3n se someter\u00e1 a obras de renovaci\u00f3n integral para \u00abadecuar su funcionalidad \u00bb con 360.000 euros de inversi\u00f3n de Aena<\/h2>\n<!-- AddThis Advanced Settings generic via filter on the_content --><!-- AddThis Share Buttons generic via filter on the_content -->","protected":false},"excerpt":{"rendered":"<p>ARABA La instalaci\u00f3n se someter\u00e1 a obras de renovaci\u00f3n integral para \u00abadecuar su funcionalidad \u00bb con 360.000 euros de inversi\u00f3n de Aena<!-- AddThis Advanced Settings generic via filter on get_the_excerpt --><!-- AddThis Share Buttons generic via filter on get_the_excerpt --><\/p>\n","protected":false},"author":41,"featured_media":26832,"comment_status":"open","ping_status":"closed","sticky":false,"template":"","format":"standard","meta":[],"categories":[16],"tags":[193,202,3228,12799],"_links":{"self":[{"href":"https:\/\/blogs.elcorreo.com\/inakicerrajeria\/wp-json\/wp\/v2\/posts\/26831"}],"collection":[{"href":"https:\/\/blogs.elcorreo.com\/inakicerrajeria\/wp-json\/wp\/v2\/posts"}],"about":[{"href":"https:\/\/blogs.elcorreo.com\/inakicerrajeria\/wp-json\/wp\/v2\/types\/post"}],"author":[{"embeddable":true,"href":"https:\/\/blogs.elcorreo.com\/inakicerrajeria\/wp-json\/wp\/v2\/users\/41"}],"replies":[{"embeddable":true,"href":"https:\/\/blogs.elcorreo.com\/inakicerrajeria\/wp-json\/wp\/v2\/comments?post=26831"}],"version-history":[{"count":1,"href":"https:\/\/blogs.elcorreo.com\/inakicerrajeria\/wp-json\/wp\/v2\/posts\/26831\/revisions"}],"predecessor-version":[{"id":26833,"href":"https:\/\/blogs.elcorreo.com\/inakicerrajeria\/wp-json\/wp\/v2\/posts\/26831\/revisions\/26833"}],"wp:featuredmedia":[{"embeddable":true,"href":"https:\/\/blogs.elcorreo.com\/inakicerrajeria\/wp-json\/wp\/v2\/media\/26832"}],"wp:attachment":[{"href":"https:\/\/blogs.elcorreo.com\/inakicerrajeria\/wp-json\/wp\/v2\/media?parent=26831"}],"wp:term":[{"taxonomy":"category","embeddable":true,"href":"https:\/\/blogs.elcorreo.com\/inakicerrajeria\/wp-json\/wp\/v2\/categories?post=26831"},{"taxonomy":"post_tag","embeddable":true,"href":"https:\/\/blogs.elcorreo.com\/inakicerrajeria\/wp-json\/wp\/v2\/tags?post=26831"}],"curies":[{"name":"wp","href":"https:\/\/api.w.org\/{rel}","templated":true}]}}