{"id":25185,"date":"2024-04-27T09:20:13","date_gmt":"2024-04-27T08:20:13","guid":{"rendered":"https:\/\/blogs.elcorreo.com\/inakicerrajeria\/?p=25185"},"modified":"2024-04-29T09:22:28","modified_gmt":"2024-04-29T08:22:28","slug":"el-desconocido-monasterio-de-san-prudencio-que-languidece-entre-ruinas-y-animales","status":"publish","type":"post","link":"https:\/\/blogs.elcorreo.com\/inakicerrajeria\/2024\/04\/27\/el-desconocido-monasterio-de-san-prudencio-que-languidece-entre-ruinas-y-animales\/","title":{"rendered":"El desconocido monasterio de San Prudencio que languidece entre ruinas y animales"},"content":{"rendered":"<p><span style=\"color: #008000;\"><strong>ARABA<\/strong><\/span><\/p>\n<h2 data-bind=\"text: articleSubtitle\">La construcci\u00f3n donde fue enterrado el patr\u00f3n de \u00c1lava, ubicada en Monte Laturce de La Rioja, est\u00e1 en la lista roja de Hispania Nostra por su \u00abcompleto abandono\u00bb<\/h2>\n<p>&nbsp;<\/p>\n<!-- AddThis Advanced Settings generic via filter on the_content --><!-- AddThis Share Buttons generic via filter on the_content -->","protected":false},"excerpt":{"rendered":"<p>ARABA La construcci\u00f3n donde fue enterrado el patr\u00f3n de \u00c1lava, ubicada en Monte Laturce de La Rioja, est\u00e1 en la lista roja de Hispania Nostra por su \u00abcompleto abandono\u00bb &nbsp;<!-- AddThis Advanced Settings generic via filter on get_the_excerpt --><!-- AddThis Share Buttons generic via filter on get_the_excerpt --><\/p>\n","protected":false},"author":41,"featured_media":25186,"comment_status":"open","ping_status":"closed","sticky":false,"template":"","format":"standard","meta":[],"categories":[16],"tags":[12142,10910,4683,12141,6307],"_links":{"self":[{"href":"https:\/\/blogs.elcorreo.com\/inakicerrajeria\/wp-json\/wp\/v2\/posts\/25185"}],"collection":[{"href":"https:\/\/blogs.elcorreo.com\/inakicerrajeria\/wp-json\/wp\/v2\/posts"}],"about":[{"href":"https:\/\/blogs.elcorreo.com\/inakicerrajeria\/wp-json\/wp\/v2\/types\/post"}],"author":[{"embeddable":true,"href":"https:\/\/blogs.elcorreo.com\/inakicerrajeria\/wp-json\/wp\/v2\/users\/41"}],"replies":[{"embeddable":true,"href":"https:\/\/blogs.elcorreo.com\/inakicerrajeria\/wp-json\/wp\/v2\/comments?post=25185"}],"version-history":[{"count":1,"href":"https:\/\/blogs.elcorreo.com\/inakicerrajeria\/wp-json\/wp\/v2\/posts\/25185\/revisions"}],"predecessor-version":[{"id":25187,"href":"https:\/\/blogs.elcorreo.com\/inakicerrajeria\/wp-json\/wp\/v2\/posts\/25185\/revisions\/25187"}],"wp:featuredmedia":[{"embeddable":true,"href":"https:\/\/blogs.elcorreo.com\/inakicerrajeria\/wp-json\/wp\/v2\/media\/25186"}],"wp:attachment":[{"href":"https:\/\/blogs.elcorreo.com\/inakicerrajeria\/wp-json\/wp\/v2\/media?parent=25185"}],"wp:term":[{"taxonomy":"category","embeddable":true,"href":"https:\/\/blogs.elcorreo.com\/inakicerrajeria\/wp-json\/wp\/v2\/categories?post=25185"},{"taxonomy":"post_tag","embeddable":true,"href":"https:\/\/blogs.elcorreo.com\/inakicerrajeria\/wp-json\/wp\/v2\/tags?post=25185"}],"curies":[{"name":"wp","href":"https:\/\/api.w.org\/{rel}","templated":true}]}}