{"id":20949,"date":"2021-09-18T15:56:31","date_gmt":"2021-09-18T14:56:31","guid":{"rendered":"https:\/\/blogs.elcorreo.com\/inakicerrajeria\/?p=20949"},"modified":"2021-09-20T15:59:49","modified_gmt":"2021-09-20T14:59:49","slug":"se-va-la-batuta-de-la-musica-coral-alavesa","status":"publish","type":"post","link":"https:\/\/blogs.elcorreo.com\/inakicerrajeria\/2021\/09\/18\/se-va-la-batuta-de-la-musica-coral-alavesa\/","title":{"rendered":"Se va la batuta de la m\u00fasica coral alavesa"},"content":{"rendered":"<p><span style=\"color: #008000;\"><strong>ARABA<\/strong><\/span><\/p>\n<p>La cultura vitoriana est\u00e1 de luto. Se ha ido uno de sus vecinos m\u00e1s queridos en el mundo de la m\u00fasica y el canto coral. Emilio Ipinza Gil falleci\u00f3 la madrugada del viernes en la capital alavesa a los 88 a\u00f1os de edad y tras una larga enfermedad.<\/p>\n<!-- AddThis Advanced Settings generic via filter on the_content --><!-- AddThis Share Buttons generic via filter on the_content -->","protected":false},"excerpt":{"rendered":"<p>ARABA La cultura vitoriana est\u00e1 de luto. Se ha ido uno de sus vecinos m\u00e1s queridos en el mundo de la m\u00fasica y el canto coral. Emilio Ipinza Gil falleci\u00f3 la madrugada del viernes en la capital alavesa a los 88 a\u00f1os de edad y tras una larga enfermedad.<!-- AddThis Advanced Settings generic via filter on get_the_excerpt --><!-- AddThis Share Buttons generic via filter on get_the_excerpt --><\/p>\n","protected":false},"author":41,"featured_media":20950,"comment_status":"open","ping_status":"closed","sticky":false,"template":"","format":"standard","meta":[],"categories":[16],"tags":[10481,2422,10480,10478,10479],"_links":{"self":[{"href":"https:\/\/blogs.elcorreo.com\/inakicerrajeria\/wp-json\/wp\/v2\/posts\/20949"}],"collection":[{"href":"https:\/\/blogs.elcorreo.com\/inakicerrajeria\/wp-json\/wp\/v2\/posts"}],"about":[{"href":"https:\/\/blogs.elcorreo.com\/inakicerrajeria\/wp-json\/wp\/v2\/types\/post"}],"author":[{"embeddable":true,"href":"https:\/\/blogs.elcorreo.com\/inakicerrajeria\/wp-json\/wp\/v2\/users\/41"}],"replies":[{"embeddable":true,"href":"https:\/\/blogs.elcorreo.com\/inakicerrajeria\/wp-json\/wp\/v2\/comments?post=20949"}],"version-history":[{"count":1,"href":"https:\/\/blogs.elcorreo.com\/inakicerrajeria\/wp-json\/wp\/v2\/posts\/20949\/revisions"}],"predecessor-version":[{"id":20951,"href":"https:\/\/blogs.elcorreo.com\/inakicerrajeria\/wp-json\/wp\/v2\/posts\/20949\/revisions\/20951"}],"wp:featuredmedia":[{"embeddable":true,"href":"https:\/\/blogs.elcorreo.com\/inakicerrajeria\/wp-json\/wp\/v2\/media\/20950"}],"wp:attachment":[{"href":"https:\/\/blogs.elcorreo.com\/inakicerrajeria\/wp-json\/wp\/v2\/media?parent=20949"}],"wp:term":[{"taxonomy":"category","embeddable":true,"href":"https:\/\/blogs.elcorreo.com\/inakicerrajeria\/wp-json\/wp\/v2\/categories?post=20949"},{"taxonomy":"post_tag","embeddable":true,"href":"https:\/\/blogs.elcorreo.com\/inakicerrajeria\/wp-json\/wp\/v2\/tags?post=20949"}],"curies":[{"name":"wp","href":"https:\/\/api.w.org\/{rel}","templated":true}]}}