{"id":2036,"date":"2011-05-14T10:17:00","date_gmt":"2011-05-14T10:17:00","guid":{"rendered":"http:\/\/blogs.elcorreo.com\/inakicerrajeria\/?p=2035"},"modified":"2011-05-14T10:17:00","modified_gmt":"2011-05-14T10:17:00","slug":"alrededor-500-adolescentes-acuden-al-centro-joven-su-dia-2","status":"publish","type":"post","link":"https:\/\/blogs.elcorreo.com\/inakicerrajeria\/2011\/05\/14\/alrededor-500-adolescentes-acuden-al-centro-joven-su-dia-2\/","title":{"rendered":"Alrededor de 500 adolescentes acuden al Centro Joven en su d\u00eda de apertura"},"content":{"rendered":"<p><span style=\"color:#3333FF\">Miranda<br \/>\n<\/span><IMG src=\"\/inakicerrajeria\/files\/mir14-5-11blog.jpg\" id=\"img_0\" class=\"imgizqda\" height=\"157\" width=\"599\"><br \/>\nLa presencia de chicos y chicas en las puertas del primer Centro Joven  que se abre en la ciudad pone en evidencia que los m\u00e1s j\u00f3venes ten\u00edan  ganas de disponer de un local en el que poder reunirse.<A href=\"http:\/\/www.elcorreo.com\/alava\/v\/20110514\/miranda\/alrededor-adolescentes-acuden-centro-20110514.html\" title=\"http:\/\/www.elcorreo.com\/alava\/v\/20110514\/miranda\/alrededor-adolescentes-acuden-centro-20110514.html\" id=\"link_0\"> (+) <\/a> <\/p>\n<!-- AddThis Advanced Settings generic via filter on the_content --><!-- AddThis Share Buttons generic via filter on the_content -->","protected":false},"excerpt":{"rendered":"<p>Miranda La presencia de chicos y chicas en las puertas del primer Centro Joven que se abre en la ciudad pone en evidencia que los m\u00e1s j\u00f3venes ten\u00edan ganas de disponer de un local en el que poder reunirse. (+)<!-- AddThis Advanced Settings generic via filter on get_the_excerpt --><!-- AddThis Share Buttons generic via filter on get_the_excerpt --><\/p>\n","protected":false},"author":41,"featured_media":0,"comment_status":"open","ping_status":"closed","sticky":false,"template":"","format":"standard","meta":[],"categories":[18],"tags":[1433,4060,4069,4349],"_links":{"self":[{"href":"https:\/\/blogs.elcorreo.com\/inakicerrajeria\/wp-json\/wp\/v2\/posts\/2036"}],"collection":[{"href":"https:\/\/blogs.elcorreo.com\/inakicerrajeria\/wp-json\/wp\/v2\/posts"}],"about":[{"href":"https:\/\/blogs.elcorreo.com\/inakicerrajeria\/wp-json\/wp\/v2\/types\/post"}],"author":[{"embeddable":true,"href":"https:\/\/blogs.elcorreo.com\/inakicerrajeria\/wp-json\/wp\/v2\/users\/41"}],"replies":[{"embeddable":true,"href":"https:\/\/blogs.elcorreo.com\/inakicerrajeria\/wp-json\/wp\/v2\/comments?post=2036"}],"version-history":[{"count":0,"href":"https:\/\/blogs.elcorreo.com\/inakicerrajeria\/wp-json\/wp\/v2\/posts\/2036\/revisions"}],"wp:attachment":[{"href":"https:\/\/blogs.elcorreo.com\/inakicerrajeria\/wp-json\/wp\/v2\/media?parent=2036"}],"wp:term":[{"taxonomy":"category","embeddable":true,"href":"https:\/\/blogs.elcorreo.com\/inakicerrajeria\/wp-json\/wp\/v2\/categories?post=2036"},{"taxonomy":"post_tag","embeddable":true,"href":"https:\/\/blogs.elcorreo.com\/inakicerrajeria\/wp-json\/wp\/v2\/tags?post=2036"}],"curies":[{"name":"wp","href":"https:\/\/api.w.org\/{rel}","templated":true}]}}