{"id":1999,"date":"2011-04-26T08:26:00","date_gmt":"2011-04-26T08:26:00","guid":{"rendered":"http:\/\/blogs.elcorreo.com\/inakicerrajeria\/?p=1998"},"modified":"2011-04-26T08:26:00","modified_gmt":"2011-04-26T08:26:00","slug":"186-mirandeses-vigilaran-urnas","status":"publish","type":"post","link":"https:\/\/blogs.elcorreo.com\/inakicerrajeria\/2011\/04\/26\/186-mirandeses-vigilaran-urnas\/","title":{"rendered":"186 mirandeses vigilar\u00e1n las urnas"},"content":{"rendered":"<p><span style=\"color:#000099\">Miranda<br \/>\n<\/span><IMG src=\"\/inakicerrajeria\/files\/mir26-4-11blog.jpg\" id=\"img_0\" class=\"imgizqda\" width=\"600\" height=\"153\"><br \/>\nHasta 558  personas recibir\u00e1n en sus domicilios la comunicaci\u00f3n de que  tienen que estar disponibles el pr\u00f3ximo 22 de mayo para formar parte del  organigrama de la celebraci\u00f3n de las elecciones municipales y  regionales. <\/p>\n<!-- AddThis Advanced Settings generic via filter on the_content --><!-- AddThis Share Buttons generic via filter on the_content -->","protected":false},"excerpt":{"rendered":"<p>Miranda Hasta 558 personas recibir\u00e1n en sus domicilios la comunicaci\u00f3n de que tienen que estar disponibles el pr\u00f3ximo 22 de mayo para formar parte del organigrama de la celebraci\u00f3n de las elecciones municipales y regionales.<!-- AddThis Advanced Settings generic via filter on get_the_excerpt --><!-- AddThis Share Buttons generic via filter on get_the_excerpt --><\/p>\n","protected":false},"author":41,"featured_media":0,"comment_status":"open","ping_status":"closed","sticky":false,"template":"","format":"standard","meta":[],"categories":[18],"tags":[2599,4591,7310],"_links":{"self":[{"href":"https:\/\/blogs.elcorreo.com\/inakicerrajeria\/wp-json\/wp\/v2\/posts\/1999"}],"collection":[{"href":"https:\/\/blogs.elcorreo.com\/inakicerrajeria\/wp-json\/wp\/v2\/posts"}],"about":[{"href":"https:\/\/blogs.elcorreo.com\/inakicerrajeria\/wp-json\/wp\/v2\/types\/post"}],"author":[{"embeddable":true,"href":"https:\/\/blogs.elcorreo.com\/inakicerrajeria\/wp-json\/wp\/v2\/users\/41"}],"replies":[{"embeddable":true,"href":"https:\/\/blogs.elcorreo.com\/inakicerrajeria\/wp-json\/wp\/v2\/comments?post=1999"}],"version-history":[{"count":0,"href":"https:\/\/blogs.elcorreo.com\/inakicerrajeria\/wp-json\/wp\/v2\/posts\/1999\/revisions"}],"wp:attachment":[{"href":"https:\/\/blogs.elcorreo.com\/inakicerrajeria\/wp-json\/wp\/v2\/media?parent=1999"}],"wp:term":[{"taxonomy":"category","embeddable":true,"href":"https:\/\/blogs.elcorreo.com\/inakicerrajeria\/wp-json\/wp\/v2\/categories?post=1999"},{"taxonomy":"post_tag","embeddable":true,"href":"https:\/\/blogs.elcorreo.com\/inakicerrajeria\/wp-json\/wp\/v2\/tags?post=1999"}],"curies":[{"name":"wp","href":"https:\/\/api.w.org\/{rel}","templated":true}]}}