{"id":18694,"date":"2020-05-06T14:17:54","date_gmt":"2020-05-06T13:17:54","guid":{"rendered":"https:\/\/blogs.elcorreo.com\/inakicerrajeria\/?p=18694"},"modified":"2020-05-06T14:18:37","modified_gmt":"2020-05-06T13:18:37","slug":"la-crisis-nos-ha-hecho-compradores-de-cercania-y-mas-sensibles-hacia-lo-local","status":"publish","type":"post","link":"https:\/\/blogs.elcorreo.com\/inakicerrajeria\/2020\/05\/06\/la-crisis-nos-ha-hecho-compradores-de-cercania-y-mas-sensibles-hacia-lo-local\/","title":{"rendered":"\u00abLa crisis nos ha hecho compradores de cercan\u00eda y m\u00e1s sensibles hacia lo local\u00bb"},"content":{"rendered":"<p><span style=\"color: #008000;\"><strong>ARABA<\/strong><\/span><\/p>\n<p>&nbsp;<\/p>\n<h4>Las persianas contin\u00faan bajadas en la mayor\u00eda de los comercios vitorianos y tras ellas se acumulan las dudas sobre el regreso a la actividad. Dos meses despu\u00e9s del cierre, y en un escenario completamente diferente, son muchas las preguntas de los comerciantes. El director y consultor de la firma Actualiza Retail, Celestino Mart\u00ednez, se encargar\u00e1 ma\u00f1ana de darles respuestas en el seminario web \u2018Prepara tu tienda para la reapertura\u2019 organizado por Gasteiz On.<\/h4>\n<!-- AddThis Advanced Settings generic via filter on the_content --><!-- AddThis Share Buttons generic via filter on the_content -->","protected":false},"excerpt":{"rendered":"<p>ARABA &nbsp; Las persianas contin\u00faan bajadas en la mayor\u00eda de los comercios vitorianos y tras ellas se acumulan las dudas sobre el regreso a la actividad. Dos meses despu\u00e9s del cierre, y en un escenario completamente diferente, son muchas las preguntas de los comerciantes. El director y consultor de la firma Actualiza Retail, Celestino Mart\u00ednez, [&hellip;]<!-- AddThis Advanced Settings generic via filter on get_the_excerpt --><!-- AddThis Share Buttons generic via filter on get_the_excerpt --><\/p>\n","protected":false},"author":41,"featured_media":18695,"comment_status":"open","ping_status":"closed","sticky":false,"template":"","format":"standard","meta":[],"categories":[16],"tags":[129,1555,1715,9697,5364],"_links":{"self":[{"href":"https:\/\/blogs.elcorreo.com\/inakicerrajeria\/wp-json\/wp\/v2\/posts\/18694"}],"collection":[{"href":"https:\/\/blogs.elcorreo.com\/inakicerrajeria\/wp-json\/wp\/v2\/posts"}],"about":[{"href":"https:\/\/blogs.elcorreo.com\/inakicerrajeria\/wp-json\/wp\/v2\/types\/post"}],"author":[{"embeddable":true,"href":"https:\/\/blogs.elcorreo.com\/inakicerrajeria\/wp-json\/wp\/v2\/users\/41"}],"replies":[{"embeddable":true,"href":"https:\/\/blogs.elcorreo.com\/inakicerrajeria\/wp-json\/wp\/v2\/comments?post=18694"}],"version-history":[{"count":1,"href":"https:\/\/blogs.elcorreo.com\/inakicerrajeria\/wp-json\/wp\/v2\/posts\/18694\/revisions"}],"predecessor-version":[{"id":18696,"href":"https:\/\/blogs.elcorreo.com\/inakicerrajeria\/wp-json\/wp\/v2\/posts\/18694\/revisions\/18696"}],"wp:featuredmedia":[{"embeddable":true,"href":"https:\/\/blogs.elcorreo.com\/inakicerrajeria\/wp-json\/wp\/v2\/media\/18695"}],"wp:attachment":[{"href":"https:\/\/blogs.elcorreo.com\/inakicerrajeria\/wp-json\/wp\/v2\/media?parent=18694"}],"wp:term":[{"taxonomy":"category","embeddable":true,"href":"https:\/\/blogs.elcorreo.com\/inakicerrajeria\/wp-json\/wp\/v2\/categories?post=18694"},{"taxonomy":"post_tag","embeddable":true,"href":"https:\/\/blogs.elcorreo.com\/inakicerrajeria\/wp-json\/wp\/v2\/tags?post=18694"}],"curies":[{"name":"wp","href":"https:\/\/api.w.org\/{rel}","templated":true}]}}