{"id":18676,"date":"2020-05-02T12:10:20","date_gmt":"2020-05-02T11:10:20","guid":{"rendered":"https:\/\/blogs.elcorreo.com\/inakicerrajeria\/?p=18676"},"modified":"2020-05-05T15:25:17","modified_gmt":"2020-05-05T14:25:17","slug":"los-huertos-colectivos-abriran-el-lunes-con-limites-de-aforo","status":"publish","type":"post","link":"https:\/\/blogs.elcorreo.com\/inakicerrajeria\/2020\/05\/02\/los-huertos-colectivos-abriran-el-lunes-con-limites-de-aforo\/","title":{"rendered":"Los huertos colectivos abrir\u00e1n el lunes con l\u00edmites de aforo"},"content":{"rendered":"<p><span style=\"color: #008000;\"><strong>ARABA<\/strong><\/span><\/p>\n<p>&nbsp;<\/p>\n<h4>Los huertos ecol\u00f3gicos municipales de Vitoria de gesti\u00f3n vecinal de Urarte, Zabalortu y Lakuakolore abrir\u00e1n de nuevo el lunes tras el cierre temporal con limitaciones en el aforo y el tiempo. Seg\u00fan el Consistorio, podr\u00e1 acceder al equipamiento de huertos comunitarios una persona (titular) por parcela y d\u00eda para trabajar evitando la interacci\u00f3n social, que en todo caso se producir\u00e1 a una distancia m\u00ednima de dos metros. Adem\u00e1s solo se permite permanecer en la huerta un m\u00e1ximo de cuatro horas al d\u00eda.<\/h4>\n<!-- AddThis Advanced Settings generic via filter on the_content --><!-- AddThis Share Buttons generic via filter on the_content -->","protected":false},"excerpt":{"rendered":"<p>ARABA &nbsp; Los huertos ecol\u00f3gicos municipales de Vitoria de gesti\u00f3n vecinal de Urarte, Zabalortu y Lakuakolore abrir\u00e1n de nuevo el lunes tras el cierre temporal con limitaciones en el aforo y el tiempo. Seg\u00fan el Consistorio, podr\u00e1 acceder al equipamiento de huertos comunitarios una persona (titular) por parcela y d\u00eda para trabajar evitando la interacci\u00f3n [&hellip;]<!-- AddThis Advanced Settings generic via filter on get_the_excerpt --><!-- AddThis Share Buttons generic via filter on get_the_excerpt --><\/p>\n","protected":false},"author":41,"featured_media":18677,"comment_status":"open","ping_status":"closed","sticky":false,"template":"","format":"standard","meta":[],"categories":[16],"tags":[9685,9684,7550,5124],"_links":{"self":[{"href":"https:\/\/blogs.elcorreo.com\/inakicerrajeria\/wp-json\/wp\/v2\/posts\/18676"}],"collection":[{"href":"https:\/\/blogs.elcorreo.com\/inakicerrajeria\/wp-json\/wp\/v2\/posts"}],"about":[{"href":"https:\/\/blogs.elcorreo.com\/inakicerrajeria\/wp-json\/wp\/v2\/types\/post"}],"author":[{"embeddable":true,"href":"https:\/\/blogs.elcorreo.com\/inakicerrajeria\/wp-json\/wp\/v2\/users\/41"}],"replies":[{"embeddable":true,"href":"https:\/\/blogs.elcorreo.com\/inakicerrajeria\/wp-json\/wp\/v2\/comments?post=18676"}],"version-history":[{"count":1,"href":"https:\/\/blogs.elcorreo.com\/inakicerrajeria\/wp-json\/wp\/v2\/posts\/18676\/revisions"}],"predecessor-version":[{"id":18678,"href":"https:\/\/blogs.elcorreo.com\/inakicerrajeria\/wp-json\/wp\/v2\/posts\/18676\/revisions\/18678"}],"wp:featuredmedia":[{"embeddable":true,"href":"https:\/\/blogs.elcorreo.com\/inakicerrajeria\/wp-json\/wp\/v2\/media\/18677"}],"wp:attachment":[{"href":"https:\/\/blogs.elcorreo.com\/inakicerrajeria\/wp-json\/wp\/v2\/media?parent=18676"}],"wp:term":[{"taxonomy":"category","embeddable":true,"href":"https:\/\/blogs.elcorreo.com\/inakicerrajeria\/wp-json\/wp\/v2\/categories?post=18676"},{"taxonomy":"post_tag","embeddable":true,"href":"https:\/\/blogs.elcorreo.com\/inakicerrajeria\/wp-json\/wp\/v2\/tags?post=18676"}],"curies":[{"name":"wp","href":"https:\/\/api.w.org\/{rel}","templated":true}]}}