{"id":18662,"date":"2020-04-29T11:58:24","date_gmt":"2020-04-29T10:58:24","guid":{"rendered":"https:\/\/blogs.elcorreo.com\/inakicerrajeria\/?p=18662"},"modified":"2020-04-29T11:58:24","modified_gmt":"2020-04-29T10:58:24","slug":"san-prudencio-octogenario-y-concurrido","status":"publish","type":"post","link":"https:\/\/blogs.elcorreo.com\/inakicerrajeria\/2020\/04\/29\/san-prudencio-octogenario-y-concurrido\/","title":{"rendered":"San Prudencio, octogenario y concurrido"},"content":{"rendered":"<p><span style=\"color: #339966;\"><strong>ARABA<\/strong><\/span><\/p>\n<h4>Se cumplen 80 a\u00f1os de la inauguraci\u00f3n del monumento al patr\u00f3n de \u00c1lava en Armentia. Lo pagaron los vitorianos de su bolsillo<\/h4>\n<!-- AddThis Advanced Settings generic via filter on the_content --><!-- AddThis Share Buttons generic via filter on the_content -->","protected":false},"excerpt":{"rendered":"<p>ARABA Se cumplen 80 a\u00f1os de la inauguraci\u00f3n del monumento al patr\u00f3n de \u00c1lava en Armentia. Lo pagaron los vitorianos de su bolsillo<!-- AddThis Advanced Settings generic via filter on get_the_excerpt --><!-- AddThis Share Buttons generic via filter on get_the_excerpt --><\/p>\n","protected":false},"author":41,"featured_media":18663,"comment_status":"open","ping_status":"closed","sticky":false,"template":"","format":"standard","meta":[],"categories":[16],"tags":[3758,4706,9660,6307],"_links":{"self":[{"href":"https:\/\/blogs.elcorreo.com\/inakicerrajeria\/wp-json\/wp\/v2\/posts\/18662"}],"collection":[{"href":"https:\/\/blogs.elcorreo.com\/inakicerrajeria\/wp-json\/wp\/v2\/posts"}],"about":[{"href":"https:\/\/blogs.elcorreo.com\/inakicerrajeria\/wp-json\/wp\/v2\/types\/post"}],"author":[{"embeddable":true,"href":"https:\/\/blogs.elcorreo.com\/inakicerrajeria\/wp-json\/wp\/v2\/users\/41"}],"replies":[{"embeddable":true,"href":"https:\/\/blogs.elcorreo.com\/inakicerrajeria\/wp-json\/wp\/v2\/comments?post=18662"}],"version-history":[{"count":1,"href":"https:\/\/blogs.elcorreo.com\/inakicerrajeria\/wp-json\/wp\/v2\/posts\/18662\/revisions"}],"predecessor-version":[{"id":18664,"href":"https:\/\/blogs.elcorreo.com\/inakicerrajeria\/wp-json\/wp\/v2\/posts\/18662\/revisions\/18664"}],"wp:featuredmedia":[{"embeddable":true,"href":"https:\/\/blogs.elcorreo.com\/inakicerrajeria\/wp-json\/wp\/v2\/media\/18663"}],"wp:attachment":[{"href":"https:\/\/blogs.elcorreo.com\/inakicerrajeria\/wp-json\/wp\/v2\/media?parent=18662"}],"wp:term":[{"taxonomy":"category","embeddable":true,"href":"https:\/\/blogs.elcorreo.com\/inakicerrajeria\/wp-json\/wp\/v2\/categories?post=18662"},{"taxonomy":"post_tag","embeddable":true,"href":"https:\/\/blogs.elcorreo.com\/inakicerrajeria\/wp-json\/wp\/v2\/tags?post=18662"}],"curies":[{"name":"wp","href":"https:\/\/api.w.org\/{rel}","templated":true}]}}