{"id":18285,"date":"2020-01-23T13:06:22","date_gmt":"2020-01-23T12:06:22","guid":{"rendered":"https:\/\/blogs.elcorreo.com\/inakicerrajeria\/?p=18285"},"modified":"2020-01-23T13:06:22","modified_gmt":"2020-01-23T12:06:22","slug":"urtaran-necesitara-al-menos-un-voto-de-la-oposicion-para-levantar-su-auditorio","status":"publish","type":"post","link":"https:\/\/blogs.elcorreo.com\/inakicerrajeria\/2020\/01\/23\/urtaran-necesitara-al-menos-un-voto-de-la-oposicion-para-levantar-su-auditorio\/","title":{"rendered":"Urtaran necesitar\u00e1 al menos un voto de la oposici\u00f3n para levantar su auditorio"},"content":{"rendered":"<p><span style=\"color: #008000;\"><strong>ARABA<\/strong><\/span><\/p>\n<h4>El proyecto implica aprobar un plan urban\u00edstico que precisa de la mayor\u00eda del pleno. Tras una reuni\u00f3n con los arquitectos, EH Bildu, PP y Podemos siguen esc\u00e9pticos<\/h4>\n<!-- AddThis Advanced Settings generic via filter on the_content --><!-- AddThis Share Buttons generic via filter on the_content -->","protected":false},"excerpt":{"rendered":"<p>ARABA El proyecto implica aprobar un plan urban\u00edstico que precisa de la mayor\u00eda del pleno. Tras una reuni\u00f3n con los arquitectos, EH Bildu, PP y Podemos siguen esc\u00e9pticos<!-- AddThis Advanced Settings generic via filter on get_the_excerpt --><!-- AddThis Share Buttons generic via filter on get_the_excerpt --><\/p>\n","protected":false},"author":41,"featured_media":18287,"comment_status":"open","ping_status":"closed","sticky":false,"template":"","format":"standard","meta":[],"categories":[16],"tags":[576,689,5019,9518,9519],"_links":{"self":[{"href":"https:\/\/blogs.elcorreo.com\/inakicerrajeria\/wp-json\/wp\/v2\/posts\/18285"}],"collection":[{"href":"https:\/\/blogs.elcorreo.com\/inakicerrajeria\/wp-json\/wp\/v2\/posts"}],"about":[{"href":"https:\/\/blogs.elcorreo.com\/inakicerrajeria\/wp-json\/wp\/v2\/types\/post"}],"author":[{"embeddable":true,"href":"https:\/\/blogs.elcorreo.com\/inakicerrajeria\/wp-json\/wp\/v2\/users\/41"}],"replies":[{"embeddable":true,"href":"https:\/\/blogs.elcorreo.com\/inakicerrajeria\/wp-json\/wp\/v2\/comments?post=18285"}],"version-history":[{"count":1,"href":"https:\/\/blogs.elcorreo.com\/inakicerrajeria\/wp-json\/wp\/v2\/posts\/18285\/revisions"}],"predecessor-version":[{"id":18288,"href":"https:\/\/blogs.elcorreo.com\/inakicerrajeria\/wp-json\/wp\/v2\/posts\/18285\/revisions\/18288"}],"wp:featuredmedia":[{"embeddable":true,"href":"https:\/\/blogs.elcorreo.com\/inakicerrajeria\/wp-json\/wp\/v2\/media\/18287"}],"wp:attachment":[{"href":"https:\/\/blogs.elcorreo.com\/inakicerrajeria\/wp-json\/wp\/v2\/media?parent=18285"}],"wp:term":[{"taxonomy":"category","embeddable":true,"href":"https:\/\/blogs.elcorreo.com\/inakicerrajeria\/wp-json\/wp\/v2\/categories?post=18285"},{"taxonomy":"post_tag","embeddable":true,"href":"https:\/\/blogs.elcorreo.com\/inakicerrajeria\/wp-json\/wp\/v2\/tags?post=18285"}],"curies":[{"name":"wp","href":"https:\/\/api.w.org\/{rel}","templated":true}]}}