{"id":1814,"date":"2011-01-29T11:48:00","date_gmt":"2011-01-29T11:48:00","guid":{"rendered":"http:\/\/blogs.elcorreo.com\/inakicerrajeria\/?p=1813"},"modified":"2011-01-29T11:48:00","modified_gmt":"2011-01-29T11:48:00","slug":"via-libre-el-museo-del-ferrocarril","status":"publish","type":"post","link":"https:\/\/blogs.elcorreo.com\/inakicerrajeria\/2011\/01\/29\/via-libre-el-museo-del-ferrocarril\/","title":{"rendered":"V\u00eda libre para el museo del ferrocarril"},"content":{"rendered":"<p><span style=\"color:#3333ff\">Miranda<br \/>\n<\/span><IMG src=\"\/inakicerrajeria\/files\/mir29-1-11blog.jpg\" id=\"img_0\" class=\"imgizqda\" width=\"600\" height=\"153\"><br \/>\nLa posibilidad de que la ciudad logre tener en un futuro un museo del  ferrocarril va cobrando forma. Existen espacios p\u00fablicos que podr\u00edan  albergarlo y un coleccionista privado que dispone de un material digno  de ser admirado y que hoy por hoy est\u00e1 pr\u00e1cticamente en el olvido, y  visible s\u00f3lo a los ojos de unos pocos. <A href=\"http:\/\/www.elcorreo.com\/alava\/v\/20110129\/miranda\/libre-para-museo-ferrocarril-20110129.html\" title=\"http:\/\/www.elcorreo.com\/alava\/v\/20110129\/miranda\/libre-para-museo-ferrocarril-20110129.html\" id=\"link_0\">(+info)<\/a> <\/p>\n<!-- AddThis Advanced Settings generic via filter on the_content --><!-- AddThis Share Buttons generic via filter on the_content -->","protected":false},"excerpt":{"rendered":"<p>Miranda La posibilidad de que la ciudad logre tener en un futuro un museo del ferrocarril va cobrando forma. Existen espacios p\u00fablicos que podr\u00edan albergarlo y un coleccionista privado que dispone de un material digno de ser admirado y que hoy por hoy est\u00e1 pr\u00e1cticamente en el olvido, y visible s\u00f3lo a los ojos de [&hellip;]<!-- AddThis Advanced Settings generic via filter on get_the_excerpt --><!-- AddThis Share Buttons generic via filter on get_the_excerpt --><\/p>\n","protected":false},"author":41,"featured_media":0,"comment_status":"open","ping_status":"closed","sticky":false,"template":"","format":"standard","meta":[],"categories":[18],"tags":[1675,3106,4795,6943],"_links":{"self":[{"href":"https:\/\/blogs.elcorreo.com\/inakicerrajeria\/wp-json\/wp\/v2\/posts\/1814"}],"collection":[{"href":"https:\/\/blogs.elcorreo.com\/inakicerrajeria\/wp-json\/wp\/v2\/posts"}],"about":[{"href":"https:\/\/blogs.elcorreo.com\/inakicerrajeria\/wp-json\/wp\/v2\/types\/post"}],"author":[{"embeddable":true,"href":"https:\/\/blogs.elcorreo.com\/inakicerrajeria\/wp-json\/wp\/v2\/users\/41"}],"replies":[{"embeddable":true,"href":"https:\/\/blogs.elcorreo.com\/inakicerrajeria\/wp-json\/wp\/v2\/comments?post=1814"}],"version-history":[{"count":0,"href":"https:\/\/blogs.elcorreo.com\/inakicerrajeria\/wp-json\/wp\/v2\/posts\/1814\/revisions"}],"wp:attachment":[{"href":"https:\/\/blogs.elcorreo.com\/inakicerrajeria\/wp-json\/wp\/v2\/media?parent=1814"}],"wp:term":[{"taxonomy":"category","embeddable":true,"href":"https:\/\/blogs.elcorreo.com\/inakicerrajeria\/wp-json\/wp\/v2\/categories?post=1814"},{"taxonomy":"post_tag","embeddable":true,"href":"https:\/\/blogs.elcorreo.com\/inakicerrajeria\/wp-json\/wp\/v2\/tags?post=1814"}],"curies":[{"name":"wp","href":"https:\/\/api.w.org\/{rel}","templated":true}]}}