{"id":1812,"date":"2011-01-28T10:37:00","date_gmt":"2011-01-28T10:37:00","guid":{"rendered":"http:\/\/blogs.elcorreo.com\/inakicerrajeria\/?p=1811"},"modified":"2011-01-28T10:37:00","modified_gmt":"2011-01-28T10:37:00","slug":"el-ayuntamiento-calcula-decicit-18-000-euros-al-ano-la","status":"publish","type":"post","link":"https:\/\/blogs.elcorreo.com\/inakicerrajeria\/2011\/01\/28\/el-ayuntamiento-calcula-decicit-18-000-euros-al-ano-la\/","title":{"rendered":"El Ayuntamiento calcula un d\u00e9cicit de 18.000 euros al a\u00f1o en la explotaci\u00f3n de la terminal"},"content":{"rendered":"<p><span style=\"color:#3333ff\">Miranda<br \/>\n<\/span><IMG src=\"\/inakicerrajeria\/files\/mir28-1-11blog.jpg\" id=\"img_0\" class=\"imgizqda\" width=\"600\" height=\"153\"><br \/>\n&#8230;uno de los pasos administrativos pendientes, el de la cesi\u00f3n de la  terminal al Ayuntamiento por parte del Administrador de Infraestructuras  Ferroviarias (Adif) a\u00fan no se ha producido. (+info)<\/p>\n<!-- AddThis Advanced Settings generic via filter on the_content --><!-- AddThis Share Buttons generic via filter on the_content -->","protected":false},"excerpt":{"rendered":"<p>Miranda &#8230;uno de los pasos administrativos pendientes, el de la cesi\u00f3n de la terminal al Ayuntamiento por parte del Administrador de Infraestructuras Ferroviarias (Adif) a\u00fan no se ha producido. (+info)<!-- AddThis Advanced Settings generic via filter on get_the_excerpt --><!-- AddThis Share Buttons generic via filter on get_the_excerpt --><\/p>\n","protected":false},"author":41,"featured_media":0,"comment_status":"open","ping_status":"closed","sticky":false,"template":"","format":"standard","meta":[],"categories":[18],"tags":[166,710,2885,6110],"_links":{"self":[{"href":"https:\/\/blogs.elcorreo.com\/inakicerrajeria\/wp-json\/wp\/v2\/posts\/1812"}],"collection":[{"href":"https:\/\/blogs.elcorreo.com\/inakicerrajeria\/wp-json\/wp\/v2\/posts"}],"about":[{"href":"https:\/\/blogs.elcorreo.com\/inakicerrajeria\/wp-json\/wp\/v2\/types\/post"}],"author":[{"embeddable":true,"href":"https:\/\/blogs.elcorreo.com\/inakicerrajeria\/wp-json\/wp\/v2\/users\/41"}],"replies":[{"embeddable":true,"href":"https:\/\/blogs.elcorreo.com\/inakicerrajeria\/wp-json\/wp\/v2\/comments?post=1812"}],"version-history":[{"count":0,"href":"https:\/\/blogs.elcorreo.com\/inakicerrajeria\/wp-json\/wp\/v2\/posts\/1812\/revisions"}],"wp:attachment":[{"href":"https:\/\/blogs.elcorreo.com\/inakicerrajeria\/wp-json\/wp\/v2\/media?parent=1812"}],"wp:term":[{"taxonomy":"category","embeddable":true,"href":"https:\/\/blogs.elcorreo.com\/inakicerrajeria\/wp-json\/wp\/v2\/categories?post=1812"},{"taxonomy":"post_tag","embeddable":true,"href":"https:\/\/blogs.elcorreo.com\/inakicerrajeria\/wp-json\/wp\/v2\/tags?post=1812"}],"curies":[{"name":"wp","href":"https:\/\/api.w.org\/{rel}","templated":true}]}}