{"id":18109,"date":"2019-12-13T12:28:48","date_gmt":"2019-12-13T11:28:48","guid":{"rendered":"https:\/\/blogs.elcorreo.com\/inakicerrajeria\/?p=18109"},"modified":"2019-12-13T12:28:48","modified_gmt":"2019-12-13T11:28:48","slug":"elkarrekin-podemos-facilitara-las-cuentas-en-vitoria-a-cambio-de-3-millones-en-gasto-social","status":"publish","type":"post","link":"https:\/\/blogs.elcorreo.com\/inakicerrajeria\/2019\/12\/13\/elkarrekin-podemos-facilitara-las-cuentas-en-vitoria-a-cambio-de-3-millones-en-gasto-social\/","title":{"rendered":"Elkarrekin Podemos facilitar\u00e1 las cuentas en Vitoria a cambio de 3 millones en gasto social"},"content":{"rendered":"<p><span style=\"color: #008000;\"><strong>ARABA<\/strong><\/span><\/p>\n<h4>El \u00c1ncora de Abetxuko, la Casa de las Mujeres, la atenci\u00f3n a los mayores y las iniciativas ecol\u00f3gicas centran las 34 enmiendas del grupo morado, que se decanta por la abstenci\u00f3n<\/h4>\n<!-- AddThis Advanced Settings generic via filter on the_content --><!-- AddThis Share Buttons generic via filter on the_content -->","protected":false},"excerpt":{"rendered":"<p>ARABA El \u00c1ncora de Abetxuko, la Casa de las Mujeres, la atenci\u00f3n a los mayores y las iniciativas ecol\u00f3gicas centran las 34 enmiendas del grupo morado, que se decanta por la abstenci\u00f3n<!-- AddThis Advanced Settings generic via filter on get_the_excerpt --><!-- AddThis Share Buttons generic via filter on get_the_excerpt --><\/p>\n","protected":false},"author":41,"featured_media":18110,"comment_status":"open","ping_status":"closed","sticky":false,"template":"","format":"standard","meta":[],"categories":[16],"tags":[74,2073,3384,3442,5087,5513],"_links":{"self":[{"href":"https:\/\/blogs.elcorreo.com\/inakicerrajeria\/wp-json\/wp\/v2\/posts\/18109"}],"collection":[{"href":"https:\/\/blogs.elcorreo.com\/inakicerrajeria\/wp-json\/wp\/v2\/posts"}],"about":[{"href":"https:\/\/blogs.elcorreo.com\/inakicerrajeria\/wp-json\/wp\/v2\/types\/post"}],"author":[{"embeddable":true,"href":"https:\/\/blogs.elcorreo.com\/inakicerrajeria\/wp-json\/wp\/v2\/users\/41"}],"replies":[{"embeddable":true,"href":"https:\/\/blogs.elcorreo.com\/inakicerrajeria\/wp-json\/wp\/v2\/comments?post=18109"}],"version-history":[{"count":1,"href":"https:\/\/blogs.elcorreo.com\/inakicerrajeria\/wp-json\/wp\/v2\/posts\/18109\/revisions"}],"predecessor-version":[{"id":18111,"href":"https:\/\/blogs.elcorreo.com\/inakicerrajeria\/wp-json\/wp\/v2\/posts\/18109\/revisions\/18111"}],"wp:featuredmedia":[{"embeddable":true,"href":"https:\/\/blogs.elcorreo.com\/inakicerrajeria\/wp-json\/wp\/v2\/media\/18110"}],"wp:attachment":[{"href":"https:\/\/blogs.elcorreo.com\/inakicerrajeria\/wp-json\/wp\/v2\/media?parent=18109"}],"wp:term":[{"taxonomy":"category","embeddable":true,"href":"https:\/\/blogs.elcorreo.com\/inakicerrajeria\/wp-json\/wp\/v2\/categories?post=18109"},{"taxonomy":"post_tag","embeddable":true,"href":"https:\/\/blogs.elcorreo.com\/inakicerrajeria\/wp-json\/wp\/v2\/tags?post=18109"}],"curies":[{"name":"wp","href":"https:\/\/api.w.org\/{rel}","templated":true}]}}