{"id":17786,"date":"2019-10-04T07:21:45","date_gmt":"2019-10-04T06:21:45","guid":{"rendered":"https:\/\/blogs.elcorreo.com\/inakicerrajeria\/?p=17786"},"modified":"2019-10-04T07:21:45","modified_gmt":"2019-10-04T06:21:45","slug":"alava-pedira-una-nueva-terminal-en-foronda","status":"publish","type":"post","link":"https:\/\/blogs.elcorreo.com\/inakicerrajeria\/2019\/10\/04\/alava-pedira-una-nueva-terminal-en-foronda\/","title":{"rendered":"\u00c1lava pedir\u00e1 una nueva terminal en Foronda"},"content":{"rendered":"<p><span style=\"color: #008000;\"><strong>ARABA<\/strong><\/span><\/p>\n<p>El crecimiento del n\u00famero de pasajeros justificar\u00eda la construcci\u00f3n de una infraestructura que pueda atraer a m\u00e1s compa\u00f1\u00edas a\u00e9reas, sostiene la Diputaci\u00f3n<\/p>\n<!-- AddThis Advanced Settings generic via filter on the_content --><!-- AddThis Share Buttons generic via filter on the_content -->","protected":false},"excerpt":{"rendered":"<p>ARABA El crecimiento del n\u00famero de pasajeros justificar\u00eda la construcci\u00f3n de una infraestructura que pueda atraer a m\u00e1s compa\u00f1\u00edas a\u00e9reas, sostiene la Diputaci\u00f3n<!-- AddThis Advanced Settings generic via filter on get_the_excerpt --><!-- AddThis Share Buttons generic via filter on get_the_excerpt --><\/p>\n","protected":false},"author":41,"featured_media":17787,"comment_status":"open","ping_status":"closed","sticky":false,"template":"","format":"standard","meta":[],"categories":[16],"tags":[203,400,3228,5201,6015],"_links":{"self":[{"href":"https:\/\/blogs.elcorreo.com\/inakicerrajeria\/wp-json\/wp\/v2\/posts\/17786"}],"collection":[{"href":"https:\/\/blogs.elcorreo.com\/inakicerrajeria\/wp-json\/wp\/v2\/posts"}],"about":[{"href":"https:\/\/blogs.elcorreo.com\/inakicerrajeria\/wp-json\/wp\/v2\/types\/post"}],"author":[{"embeddable":true,"href":"https:\/\/blogs.elcorreo.com\/inakicerrajeria\/wp-json\/wp\/v2\/users\/41"}],"replies":[{"embeddable":true,"href":"https:\/\/blogs.elcorreo.com\/inakicerrajeria\/wp-json\/wp\/v2\/comments?post=17786"}],"version-history":[{"count":1,"href":"https:\/\/blogs.elcorreo.com\/inakicerrajeria\/wp-json\/wp\/v2\/posts\/17786\/revisions"}],"predecessor-version":[{"id":17788,"href":"https:\/\/blogs.elcorreo.com\/inakicerrajeria\/wp-json\/wp\/v2\/posts\/17786\/revisions\/17788"}],"wp:featuredmedia":[{"embeddable":true,"href":"https:\/\/blogs.elcorreo.com\/inakicerrajeria\/wp-json\/wp\/v2\/media\/17787"}],"wp:attachment":[{"href":"https:\/\/blogs.elcorreo.com\/inakicerrajeria\/wp-json\/wp\/v2\/media?parent=17786"}],"wp:term":[{"taxonomy":"category","embeddable":true,"href":"https:\/\/blogs.elcorreo.com\/inakicerrajeria\/wp-json\/wp\/v2\/categories?post=17786"},{"taxonomy":"post_tag","embeddable":true,"href":"https:\/\/blogs.elcorreo.com\/inakicerrajeria\/wp-json\/wp\/v2\/tags?post=17786"}],"curies":[{"name":"wp","href":"https:\/\/api.w.org\/{rel}","templated":true}]}}