{"id":16039,"date":"2018-10-23T09:53:25","date_gmt":"2018-10-23T08:53:25","guid":{"rendered":"https:\/\/blogs.elcorreo.com\/inakicerrajeria\/?p=16039"},"modified":"2018-10-23T09:53:25","modified_gmt":"2018-10-23T08:53:25","slug":"la-plaza-de-abastos-ofrecera-su-producto-fresco-online-y-lo-repartira-a-domicilio-a-final-de-ano","status":"publish","type":"post","link":"https:\/\/blogs.elcorreo.com\/inakicerrajeria\/2018\/10\/23\/la-plaza-de-abastos-ofrecera-su-producto-fresco-online-y-lo-repartira-a-domicilio-a-final-de-ano\/","title":{"rendered":"La plaza de Abastos ofrecer\u00e1 su producto fresco online y lo repartir\u00e1 a domicilio a final de a\u00f1o"},"content":{"rendered":"<p><span style=\"color: #008000;\"><strong>ARABA<\/strong><\/span><\/p>\n<h4>El Gobierno vasco probar\u00e1 en Vitoria un sistema \u00abpionero\u00bb que pretende extender a otros mercados de Euskadi<\/h4>\n<h4>La carne, el pescado o la fruta de confianza, en casa a golpe de clic. La plaza de Abastos de Vitoria se prepara para dar un innovador giro de tuerca a su oferta antes de Navidad. Seg\u00fan ha podido saber EL CORREO, los vitorianos podr\u00e1n comprar a final de a\u00f1o los productos del mercado a trav\u00e9s de una plataforma digital y recibirlos en casa en la franja horaria que deseen.<\/h4>\n<!-- AddThis Advanced Settings generic via filter on the_content --><!-- AddThis Share Buttons generic via filter on the_content -->","protected":false},"excerpt":{"rendered":"<p>ARABA El Gobierno vasco probar\u00e1 en Vitoria un sistema \u00abpionero\u00bb que pretende extender a otros mercados de Euskadi La carne, el pescado o la fruta de confianza, en casa a golpe de clic. La plaza de Abastos de Vitoria se prepara para dar un innovador giro de tuerca a su oferta antes de Navidad. Seg\u00fan [&hellip;]<!-- AddThis Advanced Settings generic via filter on get_the_excerpt --><!-- AddThis Share Buttons generic via filter on get_the_excerpt --><\/p>\n","protected":false},"author":41,"featured_media":16040,"comment_status":"open","ping_status":"closed","sticky":false,"template":"","format":"standard","meta":[],"categories":[16],"tags":[8594,4836,4968,5488],"_links":{"self":[{"href":"https:\/\/blogs.elcorreo.com\/inakicerrajeria\/wp-json\/wp\/v2\/posts\/16039"}],"collection":[{"href":"https:\/\/blogs.elcorreo.com\/inakicerrajeria\/wp-json\/wp\/v2\/posts"}],"about":[{"href":"https:\/\/blogs.elcorreo.com\/inakicerrajeria\/wp-json\/wp\/v2\/types\/post"}],"author":[{"embeddable":true,"href":"https:\/\/blogs.elcorreo.com\/inakicerrajeria\/wp-json\/wp\/v2\/users\/41"}],"replies":[{"embeddable":true,"href":"https:\/\/blogs.elcorreo.com\/inakicerrajeria\/wp-json\/wp\/v2\/comments?post=16039"}],"version-history":[{"count":1,"href":"https:\/\/blogs.elcorreo.com\/inakicerrajeria\/wp-json\/wp\/v2\/posts\/16039\/revisions"}],"predecessor-version":[{"id":16041,"href":"https:\/\/blogs.elcorreo.com\/inakicerrajeria\/wp-json\/wp\/v2\/posts\/16039\/revisions\/16041"}],"wp:featuredmedia":[{"embeddable":true,"href":"https:\/\/blogs.elcorreo.com\/inakicerrajeria\/wp-json\/wp\/v2\/media\/16040"}],"wp:attachment":[{"href":"https:\/\/blogs.elcorreo.com\/inakicerrajeria\/wp-json\/wp\/v2\/media?parent=16039"}],"wp:term":[{"taxonomy":"category","embeddable":true,"href":"https:\/\/blogs.elcorreo.com\/inakicerrajeria\/wp-json\/wp\/v2\/categories?post=16039"},{"taxonomy":"post_tag","embeddable":true,"href":"https:\/\/blogs.elcorreo.com\/inakicerrajeria\/wp-json\/wp\/v2\/tags?post=16039"}],"curies":[{"name":"wp","href":"https:\/\/api.w.org\/{rel}","templated":true}]}}