{"id":16003,"date":"2018-10-17T06:31:52","date_gmt":"2018-10-17T05:31:52","guid":{"rendered":"https:\/\/blogs.elcorreo.com\/inakicerrajeria\/?p=16003"},"modified":"2018-10-17T06:34:04","modified_gmt":"2018-10-17T05:34:04","slug":"vitoria-a-la-cabeza-de-espana-en-desarrollo-sostenible","status":"publish","type":"post","link":"https:\/\/blogs.elcorreo.com\/inakicerrajeria\/2018\/10\/17\/vitoria-a-la-cabeza-de-espana-en-desarrollo-sostenible\/","title":{"rendered":"Vitoria, a la cabeza de Espa\u00f1a en desarrollo sostenible"},"content":{"rendered":"<p><span style=\"color: #008000;\"><strong>ARABA<\/strong><\/span><\/p>\n<h4>El alcalde, Gorka Urtaran, viaj\u00f3 ayer a Madrid para participar en una mesa redonda de alcaldes que se celebr\u00f3 tras la lectura del informe. Junto a Manuela Carmena y sus hom\u00f3logos de Soria y M\u00e1laga, el regidor desgran\u00f3 las pol\u00edticas que han llevado a la capital alavesa a convertirse en un referente en desarrollo sostenible.\u00a0Es la segunda ciudad con mejores resultados de Espa\u00f1a de la Agenda 2030 de la ONU, aunque ha de hacer m\u00e1s contra el hambre, la desigualdad y las emisiones de CO2<\/h4>\n<!-- AddThis Advanced Settings generic via filter on the_content --><!-- AddThis Share Buttons generic via filter on the_content -->","protected":false},"excerpt":{"rendered":"<p>ARABA El alcalde, Gorka Urtaran, viaj\u00f3 ayer a Madrid para participar en una mesa redonda de alcaldes que se celebr\u00f3 tras la lectura del informe. Junto a Manuela Carmena y sus hom\u00f3logos de Soria y M\u00e1laga, el regidor desgran\u00f3 las pol\u00edticas que han llevado a la capital alavesa a convertirse en un referente en desarrollo [&hellip;]<!-- AddThis Advanced Settings generic via filter on get_the_excerpt --><!-- AddThis Share Buttons generic via filter on get_the_excerpt --><\/p>\n","protected":false},"author":41,"featured_media":16004,"comment_status":"open","ping_status":"closed","sticky":false,"template":"","format":"standard","meta":[],"categories":[16],"tags":[8580,1632,7987,3559,8582,8581],"_links":{"self":[{"href":"https:\/\/blogs.elcorreo.com\/inakicerrajeria\/wp-json\/wp\/v2\/posts\/16003"}],"collection":[{"href":"https:\/\/blogs.elcorreo.com\/inakicerrajeria\/wp-json\/wp\/v2\/posts"}],"about":[{"href":"https:\/\/blogs.elcorreo.com\/inakicerrajeria\/wp-json\/wp\/v2\/types\/post"}],"author":[{"embeddable":true,"href":"https:\/\/blogs.elcorreo.com\/inakicerrajeria\/wp-json\/wp\/v2\/users\/41"}],"replies":[{"embeddable":true,"href":"https:\/\/blogs.elcorreo.com\/inakicerrajeria\/wp-json\/wp\/v2\/comments?post=16003"}],"version-history":[{"count":1,"href":"https:\/\/blogs.elcorreo.com\/inakicerrajeria\/wp-json\/wp\/v2\/posts\/16003\/revisions"}],"predecessor-version":[{"id":16005,"href":"https:\/\/blogs.elcorreo.com\/inakicerrajeria\/wp-json\/wp\/v2\/posts\/16003\/revisions\/16005"}],"wp:featuredmedia":[{"embeddable":true,"href":"https:\/\/blogs.elcorreo.com\/inakicerrajeria\/wp-json\/wp\/v2\/media\/16004"}],"wp:attachment":[{"href":"https:\/\/blogs.elcorreo.com\/inakicerrajeria\/wp-json\/wp\/v2\/media?parent=16003"}],"wp:term":[{"taxonomy":"category","embeddable":true,"href":"https:\/\/blogs.elcorreo.com\/inakicerrajeria\/wp-json\/wp\/v2\/categories?post=16003"},{"taxonomy":"post_tag","embeddable":true,"href":"https:\/\/blogs.elcorreo.com\/inakicerrajeria\/wp-json\/wp\/v2\/tags?post=16003"}],"curies":[{"name":"wp","href":"https:\/\/api.w.org\/{rel}","templated":true}]}}