{"id":15976,"date":"2018-10-12T09:35:57","date_gmt":"2018-10-12T08:35:57","guid":{"rendered":"https:\/\/blogs.elcorreo.com\/inakicerrajeria\/?p=15976"},"modified":"2018-10-12T09:35:57","modified_gmt":"2018-10-12T08:35:57","slug":"un-nuevo-servicio-de-transporte-unira-los-nucleos-rurales-con-las-cabeceras-de-comarca","status":"publish","type":"post","link":"https:\/\/blogs.elcorreo.com\/inakicerrajeria\/2018\/10\/12\/un-nuevo-servicio-de-transporte-unira-los-nucleos-rurales-con-las-cabeceras-de-comarca\/","title":{"rendered":"Un nuevo servicio de transporte unir\u00e1 los n\u00facleos rurales con las cabeceras de comarca"},"content":{"rendered":"<p><span style=\"color: #008000;\"><strong>ARABA<\/strong><\/span><\/p>\n<p>&nbsp;<\/p>\n<h3>La red conectar\u00e1 a trav\u00e9s de 32 l\u00edneas pueblos sin prestaci\u00f3n de autob\u00fas con 22 localidades de referencia para sustituir al \u2018taxi a la demanda\u2019<\/h3>\n<!-- AddThis Advanced Settings generic via filter on the_content --><!-- AddThis Share Buttons generic via filter on the_content -->","protected":false},"excerpt":{"rendered":"<p>ARABA &nbsp; La red conectar\u00e1 a trav\u00e9s de 32 l\u00edneas pueblos sin prestaci\u00f3n de autob\u00fas con 22 localidades de referencia para sustituir al \u2018taxi a la demanda\u2019<!-- AddThis Advanced Settings generic via filter on get_the_excerpt --><!-- AddThis Share Buttons generic via filter on get_the_excerpt --><\/p>\n","protected":false},"author":41,"featured_media":15977,"comment_status":"open","ping_status":"closed","sticky":false,"template":"","format":"standard","meta":[],"categories":[16],"tags":[5775,6713,8570],"_links":{"self":[{"href":"https:\/\/blogs.elcorreo.com\/inakicerrajeria\/wp-json\/wp\/v2\/posts\/15976"}],"collection":[{"href":"https:\/\/blogs.elcorreo.com\/inakicerrajeria\/wp-json\/wp\/v2\/posts"}],"about":[{"href":"https:\/\/blogs.elcorreo.com\/inakicerrajeria\/wp-json\/wp\/v2\/types\/post"}],"author":[{"embeddable":true,"href":"https:\/\/blogs.elcorreo.com\/inakicerrajeria\/wp-json\/wp\/v2\/users\/41"}],"replies":[{"embeddable":true,"href":"https:\/\/blogs.elcorreo.com\/inakicerrajeria\/wp-json\/wp\/v2\/comments?post=15976"}],"version-history":[{"count":1,"href":"https:\/\/blogs.elcorreo.com\/inakicerrajeria\/wp-json\/wp\/v2\/posts\/15976\/revisions"}],"predecessor-version":[{"id":15978,"href":"https:\/\/blogs.elcorreo.com\/inakicerrajeria\/wp-json\/wp\/v2\/posts\/15976\/revisions\/15978"}],"wp:featuredmedia":[{"embeddable":true,"href":"https:\/\/blogs.elcorreo.com\/inakicerrajeria\/wp-json\/wp\/v2\/media\/15977"}],"wp:attachment":[{"href":"https:\/\/blogs.elcorreo.com\/inakicerrajeria\/wp-json\/wp\/v2\/media?parent=15976"}],"wp:term":[{"taxonomy":"category","embeddable":true,"href":"https:\/\/blogs.elcorreo.com\/inakicerrajeria\/wp-json\/wp\/v2\/categories?post=15976"},{"taxonomy":"post_tag","embeddable":true,"href":"https:\/\/blogs.elcorreo.com\/inakicerrajeria\/wp-json\/wp\/v2\/tags?post=15976"}],"curies":[{"name":"wp","href":"https:\/\/api.w.org\/{rel}","templated":true}]}}